{"id":1792,"date":"2012-05-10T00:12:22","date_gmt":"2012-05-10T00:12:22","guid":{"rendered":"http:\/\/www.ifbaiano.edu.br\/unidades\/valenca\/?p=1792"},"modified":"2012-05-14T00:30:29","modified_gmt":"2012-05-14T00:30:29","slug":"if-baiano-seleciona-servidores-para-atuarem-como-tutores-em-cursos-tecnicos-ead","status":"publish","type":"post","link":"https:\/\/www.ifbaiano.edu.br\/unidades\/valenca\/2012\/05\/10\/if-baiano-seleciona-servidores-para-atuarem-como-tutores-em-cursos-tecnicos-ead\/","title":{"rendered":"IF Baiano seleciona servidores para atuarem como tutores em Cursos T\u00e9cnicos EaD"},"content":{"rendered":"<p>O IF Baiano abre inscri\u00e7\u00f5es para sele\u00e7\u00e3o simplificada para tutores presenciais no per\u00edodo de 09\/05\/2012 a 13\/05\/2012. Ser\u00e3o ofertadas 7 (sete) vagas distribu\u00eddas nos Polos de Guanambi, Itapetinga, Senhor do Bonfim, Teixeira de Freitas, Uru\u00e7uca e Valen\u00e7a.<\/p>\n<p>Podem concorrer \u00e0s vagas, docentes ou t\u00e9cnico-administrativos. No caso de t\u00e9cnico-administrativo, o servidor deve possuir, no m\u00ednimo, diploma de licenciatura.\u00a0 A carga hor\u00e1ria \u00e9 de 12 (doze) horas semanais, n\u00e3o podendo ser desempenhada durante a jornada de trabalho do servidor no IF Baiano. Para isso, os tutores perceber\u00e3o uma bolsa de R$ 765,00 (setecentos e sessenta e cinco reais).<\/p>\n<p>A A\u00e7\u00e3o faz parte do conv\u00eanio firmado entre o IF Baiano e o Instituto Federal do Paran\u00e1 (IFPR), financiado pelo e-TEC\/FNDE.<\/p>\n<p>Confira <a title=\"http:\/\/www.ifbaiano.edu.br\/pro-reitorias\/prodin\/files\/2012\/02\/chamadainternaead.pdf\" href=\"http:\/\/www.ifbaiano.edu.br\/pro-reitorias\/prodin\/files\/2012\/02\/chamadainternaead.pdf\" target=\"_blank\">aqui<\/a> a chamada interna<\/p>\n<p>&nbsp;<\/p>\n<p>_________________________<\/p>\n<p><strong>O qu\u00ea?<\/strong> Sele\u00e7\u00e3o de servidores para atuarem como tutores em cursos t\u00e9cnicos EaD.<\/p>\n<p><strong>Quando?<\/strong> De 09 a 13 de maio de 2012.<\/p>\n<p><strong>D\u00favidas:<\/strong> <a title=\"http:\/\/www.ifbaiano.edu.br\/pro-reitorias\/prodin\/2012\/02\/02\/selecao-de-tutores-ead\/\" href=\"http:\/\/www.ifbaiano.edu.br\/pro-reitorias\/prodin\/2012\/02\/02\/selecao-de-tutores-ead\/\" target=\"_blank\">Pr\u00f3-reitoria de Desenvolvimento Institucional<\/a><\/p>\n<p>&nbsp;<\/p>\n<p style=\"text-align: right\">Fonte: ASCOM\/Reitoria<\/p>\n<p>&nbsp;<\/p>\n","protected":false},"excerpt":{"rendered":"<p>O IF Baiano abre inscri\u00e7\u00f5es para sele\u00e7\u00e3o simplificada para tutores presenciais no per\u00edodo de 09\/05\/2012 a 13\/05\/2012. Ser\u00e3o ofertadas 7 (sete) vagas distribu\u00eddas nos Polos de Guanambi, Itapetinga, Senhor do Bonfim, Teixeira de Freitas, Uru\u00e7uca e Valen\u00e7a. Podem concorrer \u00e0s vagas, docentes ou t\u00e9cnico-administrativos. No caso de t\u00e9cnico-administrativo, o servidor deve possuir, no m\u00ednimo, diploma [&hellip;]<\/p>\n","protected":false},"author":6,"featured_media":0,"comment_status":"open","ping_status":"open","sticky":false,"template":"","format":"standard","meta":[],"categories":[44,32],"tags":[],"_links":{"self":[{"href":"https:\/\/www.ifbaiano.edu.br\/unidades\/valenca\/wp-json\/wp\/v2\/posts\/1792"}],"collection":[{"href":"https:\/\/www.ifbaiano.edu.br\/unidades\/valenca\/wp-json\/wp\/v2\/posts"}],"about":[{"href":"https:\/\/www.ifbaiano.edu.br\/unidades\/valenca\/wp-json\/wp\/v2\/types\/post"}],"author":[{"embeddable":true,"href":"https:\/\/www.ifbaiano.edu.br\/unidades\/valenca\/wp-json\/wp\/v2\/users\/6"}],"replies":[{"embeddable":true,"href":"https:\/\/www.ifbaiano.edu.br\/unidades\/valenca\/wp-json\/wp\/v2\/comments?post=1792"}],"version-history":[{"count":8,"href":"https:\/\/www.ifbaiano.edu.br\/unidades\/valenca\/wp-json\/wp\/v2\/posts\/1792\/revisions"}],"predecessor-version":[{"id":1832,"href":"https:\/\/www.ifbaiano.edu.br\/unidades\/valenca\/wp-json\/wp\/v2\/posts\/1792\/revisions\/1832"}],"wp:attachment":[{"href":"https:\/\/www.ifbaiano.edu.br\/unidades\/valenca\/wp-json\/wp\/v2\/media?parent=1792"}],"wp:term":[{"taxonomy":"category","embeddable":true,"href":"https:\/\/www.ifbaiano.edu.br\/unidades\/valenca\/wp-json\/wp\/v2\/categories?post=1792"},{"taxonomy":"post_tag","embeddable":true,"href":"https:\/\/www.ifbaiano.edu.br\/unidades\/valenca\/wp-json\/wp\/v2\/tags?post=1792"}],"curies":[{"name":"wp","href":"https:\/\/api.w.org\/{rel}","templated":true}]}}