{"id":1797,"date":"2012-05-10T16:02:24","date_gmt":"2012-05-10T16:02:24","guid":{"rendered":"http:\/\/www.ifbaiano.edu.br\/unidades\/valenca\/?p=1797"},"modified":"2012-05-30T20:16:50","modified_gmt":"2012-05-30T20:16:50","slug":"estudantes-do-curso-tecnico-em-agroecologia-implantam-horta-no-campus-valenca","status":"publish","type":"post","link":"https:\/\/www.ifbaiano.edu.br\/unidades\/valenca\/2012\/05\/10\/estudantes-do-curso-tecnico-em-agroecologia-implantam-horta-no-campus-valenca\/","title":{"rendered":"Estudantes do Curso T\u00e9cnico em Agroecologia implantam horta  no C\u00e2mpus Valen\u00e7a"},"content":{"rendered":"<p align=\"JUSTIFY\">C\u00e2mpus Valen\u00e7a divulga horta feita pelos pr\u00f3prios alunos do Curso T\u00e9cnico Agroecologia, desenvolvido na Disciplina Sistema de Introdu\u00e7\u00e3o a Produ\u00e7\u00e3o Vegetal I, ministrada pelo Professor Jodelse Dias Duarte,\u00a0 em parceria com a Cooperativa do C\u00e2mpus.<\/p>\n<p align=\"JUSTIFY\">A cria\u00e7\u00e3o da horta como Unidade Did\u00e1tico Produtiva visa despertar nos educandos\u00a0 \u201cmais uma forma de intensificar ainda mais a consci\u00eancia ambiental nos alunos<\/p>\n<p align=\"JUSTIFY\"><a href=\"http:\/\/www.ifbaiano.edu.br\/unidades\/valenca\/files\/2012\/05\/DSC0370.jpg\"><img decoding=\"async\" loading=\"lazy\" class=\"aligncenter size-medium wp-image-1798\" src=\"http:\/\/www.ifbaiano.edu.br\/unidades\/valenca\/files\/2012\/05\/DSC0370-300x199.jpg\" alt=\"\" width=\"300\" height=\"199\" srcset=\"https:\/\/www.ifbaiano.edu.br\/unidades\/valenca\/files\/2012\/05\/DSC0370-300x199.jpg 300w, https:\/\/www.ifbaiano.edu.br\/unidades\/valenca\/files\/2012\/05\/DSC0370-1024x680.jpg 1024w, https:\/\/www.ifbaiano.edu.br\/unidades\/valenca\/files\/2012\/05\/DSC0370-400x265.jpg 400w\" sizes=\"(max-width: 300px) 100vw, 300px\" \/><\/a><\/p>\n","protected":false},"excerpt":{"rendered":"<p>C\u00e2mpus Valen\u00e7a divulga horta feita pelos pr\u00f3prios alunos do Curso T\u00e9cnico Agroecologia, desenvolvido na Disciplina Sistema de Introdu\u00e7\u00e3o a Produ\u00e7\u00e3o Vegetal I, ministrada pelo Professor Jodelse Dias Duarte,\u00a0 em parceria com a Cooperativa do C\u00e2mpus. A cria\u00e7\u00e3o da horta como Unidade Did\u00e1tico Produtiva visa despertar nos educandos\u00a0 \u201cmais uma forma de intensificar ainda mais a [&hellip;]<\/p>\n","protected":false},"author":6,"featured_media":0,"comment_status":"open","ping_status":"open","sticky":false,"template":"","format":"standard","meta":[],"categories":[61],"tags":[],"_links":{"self":[{"href":"https:\/\/www.ifbaiano.edu.br\/unidades\/valenca\/wp-json\/wp\/v2\/posts\/1797"}],"collection":[{"href":"https:\/\/www.ifbaiano.edu.br\/unidades\/valenca\/wp-json\/wp\/v2\/posts"}],"about":[{"href":"https:\/\/www.ifbaiano.edu.br\/unidades\/valenca\/wp-json\/wp\/v2\/types\/post"}],"author":[{"embeddable":true,"href":"https:\/\/www.ifbaiano.edu.br\/unidades\/valenca\/wp-json\/wp\/v2\/users\/6"}],"replies":[{"embeddable":true,"href":"https:\/\/www.ifbaiano.edu.br\/unidades\/valenca\/wp-json\/wp\/v2\/comments?post=1797"}],"version-history":[{"count":3,"href":"https:\/\/www.ifbaiano.edu.br\/unidades\/valenca\/wp-json\/wp\/v2\/posts\/1797\/revisions"}],"predecessor-version":[{"id":1938,"href":"https:\/\/www.ifbaiano.edu.br\/unidades\/valenca\/wp-json\/wp\/v2\/posts\/1797\/revisions\/1938"}],"wp:attachment":[{"href":"https:\/\/www.ifbaiano.edu.br\/unidades\/valenca\/wp-json\/wp\/v2\/media?parent=1797"}],"wp:term":[{"taxonomy":"category","embeddable":true,"href":"https:\/\/www.ifbaiano.edu.br\/unidades\/valenca\/wp-json\/wp\/v2\/categories?post=1797"},{"taxonomy":"post_tag","embeddable":true,"href":"https:\/\/www.ifbaiano.edu.br\/unidades\/valenca\/wp-json\/wp\/v2\/tags?post=1797"}],"curies":[{"name":"wp","href":"https:\/\/api.w.org\/{rel}","templated":true}]}}