{"id":1806,"date":"2012-05-10T19:13:31","date_gmt":"2012-05-10T19:13:31","guid":{"rendered":"http:\/\/www.ifbaiano.edu.br\/unidades\/valenca\/?p=1806"},"modified":"2012-05-30T20:16:38","modified_gmt":"2012-05-30T20:16:38","slug":"campus-valenca-da-inicio-ao-projeto-karate-cidadao","status":"publish","type":"post","link":"https:\/\/www.ifbaiano.edu.br\/unidades\/valenca\/2012\/05\/10\/campus-valenca-da-inicio-ao-projeto-karate-cidadao\/","title":{"rendered":"C\u00e2mpus Valen\u00e7a d\u00e1 in\u00edcio ao Projeto Karat\u00ea Cidad\u00e3o"},"content":{"rendered":"<p align=\"JUSTIFY\">O Instituto Federal de Educa\u00e7\u00e3o, Ci\u00eancia e Tecnologia Baiano \u2013 IF Baiano\/C\u00e2mpus Valen\u00e7a d\u00e1 in\u00edcio\u00a0 ao PROJETO DE EXTENS\u00c3O KARAT\u00ca-DO CIDAD\u00c3O com\u00a0 a aula inaugural que aconteceu\u00a0 hoje, 10-05, no Audit\u00f3rio\u00a0 do referido <em>campus. <\/em><\/p>\n<p align=\"JUSTIFY\">O Projeto \u00e9\u00a0 uma parceria entre o IF Baiano e a Prefeitura de Valen\u00e7a, sob a coordena\u00e7\u00e3o e execu\u00e7\u00e3o do Professor de Educa\u00e7\u00e3o F\u00edsica e tamb\u00e9m Faixa Preta 2\u00ba Dan de KARAT\u00ca-DO TRADICIONAL, Professor Cleber Figueiredo.<\/p>\n<p align=\"JUSTIFY\">O Evento contou com a presen\u00e7a do Diretor Geral do C\u00e2mpus, Giovanni Lessa; da Secret\u00e1ria e Ex-secret\u00e1ria\u00a0 de Promo\u00e7\u00e3o Social da Prefeitura Municipal, Ana Paula S. Pereira e Juc\u00e9lia S. Nascimento, respectivamente; da Coordenadora do CRAS do Bairro Baixa Alegre, Marilene Vasconcelos; dos alunos matriculados no curso e seus respons\u00e1veis; e de alunos do curso de Karat\u00ea do C\u00e2mpus, tamb\u00e9m oferecido pelo Coordenador do Projeto \u2013 os quais fizeram uma breve apresenta\u00e7\u00e3o da arte marcial.<\/p>\n<p align=\"JUSTIFY\">Esse Projeto de Extens\u00e3o tem como objetivo oportunizar jovens na faixa et\u00e1ria de 9 a 15 anos de idade, que residem no entorno do <em>Campus<\/em> de Valen\u00e7a, a praticarem o KARAT\u00ca-DO aproveitando a oportunidade para conhecer a estrutura e funcionamento dessa unidade do IF Baiano.<\/p>\n<p>Foram oferecidas 80 vagas para ambos os sexos, divididos em duas turmas de 40 alunos que ter\u00e3o aula em turno oposto ao frequentado para as atividades escolares.<\/p>\n<p><strong>Ainda est\u00e3o dispon\u00edveis 10 vagas para as turmas de cada turno. Os candidatos interessados podem procurar o professor Cleber, nas instala\u00e7\u00f5es do C\u00e2mpus. <\/strong><\/p>\n<p><img decoding=\"async\" loading=\"lazy\" class=\"aligncenter size-medium wp-image-1807\" src=\"http:\/\/www.ifbaiano.edu.br\/unidades\/valenca\/files\/2012\/05\/DSC0146-300x199.jpg\" alt=\"\" width=\"300\" height=\"199\" srcset=\"https:\/\/www.ifbaiano.edu.br\/unidades\/valenca\/files\/2012\/05\/DSC0146-300x199.jpg 300w, https:\/\/www.ifbaiano.edu.br\/unidades\/valenca\/files\/2012\/05\/DSC0146-1024x680.jpg 1024w, https:\/\/www.ifbaiano.edu.br\/unidades\/valenca\/files\/2012\/05\/DSC0146-400x265.jpg 400w\" sizes=\"(max-width: 300px) 100vw, 300px\" \/><\/p>\n","protected":false},"excerpt":{"rendered":"<p>O Instituto Federal de Educa\u00e7\u00e3o, Ci\u00eancia e Tecnologia Baiano \u2013 IF Baiano\/C\u00e2mpus Valen\u00e7a d\u00e1 in\u00edcio\u00a0 ao PROJETO DE EXTENS\u00c3O KARAT\u00ca-DO CIDAD\u00c3O com\u00a0 a aula inaugural que aconteceu\u00a0 hoje, 10-05, no Audit\u00f3rio\u00a0 do referido campus. O Projeto \u00e9\u00a0 uma parceria entre o IF Baiano e a Prefeitura de Valen\u00e7a, sob a coordena\u00e7\u00e3o e execu\u00e7\u00e3o do Professor [&hellip;]<\/p>\n","protected":false},"author":6,"featured_media":0,"comment_status":"open","ping_status":"open","sticky":false,"template":"","format":"standard","meta":[],"categories":[26],"tags":[],"_links":{"self":[{"href":"https:\/\/www.ifbaiano.edu.br\/unidades\/valenca\/wp-json\/wp\/v2\/posts\/1806"}],"collection":[{"href":"https:\/\/www.ifbaiano.edu.br\/unidades\/valenca\/wp-json\/wp\/v2\/posts"}],"about":[{"href":"https:\/\/www.ifbaiano.edu.br\/unidades\/valenca\/wp-json\/wp\/v2\/types\/post"}],"author":[{"embeddable":true,"href":"https:\/\/www.ifbaiano.edu.br\/unidades\/valenca\/wp-json\/wp\/v2\/users\/6"}],"replies":[{"embeddable":true,"href":"https:\/\/www.ifbaiano.edu.br\/unidades\/valenca\/wp-json\/wp\/v2\/comments?post=1806"}],"version-history":[{"count":5,"href":"https:\/\/www.ifbaiano.edu.br\/unidades\/valenca\/wp-json\/wp\/v2\/posts\/1806\/revisions"}],"predecessor-version":[{"id":1810,"href":"https:\/\/www.ifbaiano.edu.br\/unidades\/valenca\/wp-json\/wp\/v2\/posts\/1806\/revisions\/1810"}],"wp:attachment":[{"href":"https:\/\/www.ifbaiano.edu.br\/unidades\/valenca\/wp-json\/wp\/v2\/media?parent=1806"}],"wp:term":[{"taxonomy":"category","embeddable":true,"href":"https:\/\/www.ifbaiano.edu.br\/unidades\/valenca\/wp-json\/wp\/v2\/categories?post=1806"},{"taxonomy":"post_tag","embeddable":true,"href":"https:\/\/www.ifbaiano.edu.br\/unidades\/valenca\/wp-json\/wp\/v2\/tags?post=1806"}],"curies":[{"name":"wp","href":"https:\/\/api.w.org\/{rel}","templated":true}]}}