{"id":1813,"date":"2012-05-11T23:11:45","date_gmt":"2012-05-11T23:11:45","guid":{"rendered":"http:\/\/www.ifbaiano.edu.br\/unidades\/valenca\/?p=1813"},"modified":"2012-05-25T18:09:44","modified_gmt":"2012-05-25T18:09:44","slug":"gremio-promove-festa-de-integracao-festa-de-integracao","status":"publish","type":"post","link":"https:\/\/www.ifbaiano.edu.br\/unidades\/valenca\/2012\/05\/11\/gremio-promove-festa-de-integracao-festa-de-integracao\/","title":{"rendered":"Gr\u00eamio promove Festa de Integra\u00e7\u00e3o"},"content":{"rendered":"<p>O Gr\u00eamio Estudantil (GEELLS) promove neste s\u00e1bado, 12\/05, a Festa de Integra\u00e7\u00e3o para os alunos do C\u00e2mpus.<\/p>\n<p>O Evento ser\u00e1 no SESI de Valen\u00e7a a partir das 9:00h. A programa\u00e7\u00e3o conta com som ao vivo, sorteio de brindes, almo\u00e7o, jogos e muito mais.<\/p>\n<p style=\"text-align: center\"><a href=\"http:\/\/www.ifbaiano.edu.br\/unidades\/valenca\/files\/2012\/05\/festa-de-integracao.jpg\"><img decoding=\"async\" loading=\"lazy\" class=\"aligncenter size-medium wp-image-1816\" src=\"http:\/\/www.ifbaiano.edu.br\/unidades\/valenca\/files\/2012\/05\/festa-de-integracao-300x210.jpg\" alt=\"\" width=\"300\" height=\"210\" srcset=\"https:\/\/www.ifbaiano.edu.br\/unidades\/valenca\/files\/2012\/05\/festa-de-integracao-300x210.jpg 300w, https:\/\/www.ifbaiano.edu.br\/unidades\/valenca\/files\/2012\/05\/festa-de-integracao-400x280.jpg 400w, https:\/\/www.ifbaiano.edu.br\/unidades\/valenca\/files\/2012\/05\/festa-de-integracao.jpg 1000w\" sizes=\"(max-width: 300px) 100vw, 300px\" \/><\/a><\/p>\n","protected":false},"excerpt":{"rendered":"<p>O Gr\u00eamio Estudantil (GEELLS) promove neste s\u00e1bado, 12\/05, a Festa de Integra\u00e7\u00e3o para os alunos do C\u00e2mpus. O Evento ser\u00e1 no SESI de Valen\u00e7a a partir das 9:00h. A programa\u00e7\u00e3o conta com som ao vivo, sorteio de brindes, almo\u00e7o, jogos e muito mais.<\/p>\n","protected":false},"author":6,"featured_media":0,"comment_status":"open","ping_status":"open","sticky":false,"template":"","format":"standard","meta":[],"categories":[43],"tags":[],"_links":{"self":[{"href":"https:\/\/www.ifbaiano.edu.br\/unidades\/valenca\/wp-json\/wp\/v2\/posts\/1813"}],"collection":[{"href":"https:\/\/www.ifbaiano.edu.br\/unidades\/valenca\/wp-json\/wp\/v2\/posts"}],"about":[{"href":"https:\/\/www.ifbaiano.edu.br\/unidades\/valenca\/wp-json\/wp\/v2\/types\/post"}],"author":[{"embeddable":true,"href":"https:\/\/www.ifbaiano.edu.br\/unidades\/valenca\/wp-json\/wp\/v2\/users\/6"}],"replies":[{"embeddable":true,"href":"https:\/\/www.ifbaiano.edu.br\/unidades\/valenca\/wp-json\/wp\/v2\/comments?post=1813"}],"version-history":[{"count":10,"href":"https:\/\/www.ifbaiano.edu.br\/unidades\/valenca\/wp-json\/wp\/v2\/posts\/1813\/revisions"}],"predecessor-version":[{"id":1913,"href":"https:\/\/www.ifbaiano.edu.br\/unidades\/valenca\/wp-json\/wp\/v2\/posts\/1813\/revisions\/1913"}],"wp:attachment":[{"href":"https:\/\/www.ifbaiano.edu.br\/unidades\/valenca\/wp-json\/wp\/v2\/media?parent=1813"}],"wp:term":[{"taxonomy":"category","embeddable":true,"href":"https:\/\/www.ifbaiano.edu.br\/unidades\/valenca\/wp-json\/wp\/v2\/categories?post=1813"},{"taxonomy":"post_tag","embeddable":true,"href":"https:\/\/www.ifbaiano.edu.br\/unidades\/valenca\/wp-json\/wp\/v2\/tags?post=1813"}],"curies":[{"name":"wp","href":"https:\/\/api.w.org\/{rel}","templated":true}]}}