{"id":1826,"date":"2012-05-14T00:18:44","date_gmt":"2012-05-14T00:18:44","guid":{"rendered":"http:\/\/www.ifbaiano.edu.br\/unidades\/valenca\/?p=1826"},"modified":"2012-05-25T18:11:28","modified_gmt":"2012-05-25T18:11:28","slug":"femmic-esta-com-inscricoes-abertas-para-participar-comite-cientifico-do-evento-e-para-apresentacao-poster","status":"publish","type":"post","link":"https:\/\/www.ifbaiano.edu.br\/unidades\/valenca\/2012\/05\/14\/femmic-esta-com-inscricoes-abertas-para-participar-comite-cientifico-do-evento-e-para-apresentacao-poster\/","title":{"rendered":"FEMMIC est\u00e1 com inscri\u00e7\u00f5es abertas para participa\u00e7\u00e3o no Comit\u00ea Cient\u00edfico do Evento e para apresenta\u00e7\u00e3o de trabalho (p\u00f4ster)"},"content":{"rendered":"<p>A Feira dos Munic\u00edpios e Mostra de Inicia\u00e7\u00e3o Cient\u00edfica da Bahia (FEMMIC), que ocorre todos os anos no IF Baiano c\u00e2mpus Catu, est\u00e1 com inscri\u00e7\u00f5es abertas para apresenta\u00e7\u00e3o de trabalhos na modalidade p\u00f4ster entre os dias 15\/05 a 15\/07.<\/p>\n<p>Tamb\u00e9m est\u00e3o abertas, para servidores nas diferentes \u00e1reas do conhecimento, as inscri\u00e7\u00f5es para participar do Comit\u00ea Cient\u00edfico do Evento. O mesmo comit\u00ea comp\u00f5e tamb\u00e9m a equipe de avaliadores da Revista Ci\u00eancia J\u00fanior, publicada anualmente pelo Grupo de Pesquisa em Educa\u00e7\u00e3o Cient\u00edfica e Populariza\u00e7\u00e3o das Ci\u00eancias (GPEC-IF Baiano). Para inscrever-se o candidato dever\u00e1 enviar um email para femmic2012@gmail.com indicando o interesse.<\/p>\n<p>A FEMMIC, um evento que reunir\u00e1 projetos de adolescentes e jovens da educa\u00e7\u00e3o b\u00e1sica, t\u00e9cnica e superior de v\u00e1rias regi\u00f5es do Brasil, \u00a0acontecer\u00e1 entre os dias 23 e 26 de setembro. Para maiores informa\u00e7\u00f5es acesse www.ifbaiano.edu.br\/femmic.<\/p>\n","protected":false},"excerpt":{"rendered":"<p>A Feira dos Munic\u00edpios e Mostra de Inicia\u00e7\u00e3o Cient\u00edfica da Bahia (FEMMIC), que ocorre todos os anos no IF Baiano c\u00e2mpus Catu, est\u00e1 com inscri\u00e7\u00f5es abertas para apresenta\u00e7\u00e3o de trabalhos na modalidade p\u00f4ster entre os dias 15\/05 a 15\/07. Tamb\u00e9m est\u00e3o abertas, para servidores nas diferentes \u00e1reas do conhecimento, as inscri\u00e7\u00f5es para participar do Comit\u00ea [&hellip;]<\/p>\n","protected":false},"author":6,"featured_media":0,"comment_status":"open","ping_status":"open","sticky":false,"template":"","format":"standard","meta":[],"categories":[5,26],"tags":[],"_links":{"self":[{"href":"https:\/\/www.ifbaiano.edu.br\/unidades\/valenca\/wp-json\/wp\/v2\/posts\/1826"}],"collection":[{"href":"https:\/\/www.ifbaiano.edu.br\/unidades\/valenca\/wp-json\/wp\/v2\/posts"}],"about":[{"href":"https:\/\/www.ifbaiano.edu.br\/unidades\/valenca\/wp-json\/wp\/v2\/types\/post"}],"author":[{"embeddable":true,"href":"https:\/\/www.ifbaiano.edu.br\/unidades\/valenca\/wp-json\/wp\/v2\/users\/6"}],"replies":[{"embeddable":true,"href":"https:\/\/www.ifbaiano.edu.br\/unidades\/valenca\/wp-json\/wp\/v2\/comments?post=1826"}],"version-history":[{"count":7,"href":"https:\/\/www.ifbaiano.edu.br\/unidades\/valenca\/wp-json\/wp\/v2\/posts\/1826\/revisions"}],"predecessor-version":[{"id":1914,"href":"https:\/\/www.ifbaiano.edu.br\/unidades\/valenca\/wp-json\/wp\/v2\/posts\/1826\/revisions\/1914"}],"wp:attachment":[{"href":"https:\/\/www.ifbaiano.edu.br\/unidades\/valenca\/wp-json\/wp\/v2\/media?parent=1826"}],"wp:term":[{"taxonomy":"category","embeddable":true,"href":"https:\/\/www.ifbaiano.edu.br\/unidades\/valenca\/wp-json\/wp\/v2\/categories?post=1826"},{"taxonomy":"post_tag","embeddable":true,"href":"https:\/\/www.ifbaiano.edu.br\/unidades\/valenca\/wp-json\/wp\/v2\/tags?post=1826"}],"curies":[{"name":"wp","href":"https:\/\/api.w.org\/{rel}","templated":true}]}}