{"id":1835,"date":"2012-05-14T00:42:34","date_gmt":"2012-05-14T00:42:34","guid":{"rendered":"http:\/\/www.ifbaiano.edu.br\/unidades\/valenca\/?p=1835"},"modified":"2012-05-30T20:16:20","modified_gmt":"2012-05-30T20:16:20","slug":"seminario-de-nivelamento-conceitual-para-mobilizacao-do-cultivo-do-dende","status":"publish","type":"post","link":"https:\/\/www.ifbaiano.edu.br\/unidades\/valenca\/2012\/05\/14\/seminario-de-nivelamento-conceitual-para-mobilizacao-do-cultivo-do-dende\/","title":{"rendered":"IFBaiano C\u00e2mpus Valen\u00e7a participa do Semin\u00e1rio de Nivelamento Conceitual para Mobiliza\u00e7\u00e3o do Cultivo do Dend\u00ea"},"content":{"rendered":"<p>O IFBaiano, C\u00e2mpus Valen\u00e7a participou, na \u00faltima semana, do\u00a0 Semin\u00e1rio de Nivelamento Conceitual para Mobiliza\u00e7\u00e3o do Cultivo do Dend\u00ea,<strong> <\/strong>realizado no audit\u00f3rio do IFBA- Campus Valen\u00e7a, promovido pela Petrobras Biocombust\u00edvel (PBIO) e organizadora composta por David Gomes Leal- Gerente na Bahia,\u00a0 Jaqueline Ayres- Eng\u00aa Agr\u00f4noma , Jeosafira Chagas- Consultora.<\/p>\n<p>&nbsp;<\/p>\n<p>O C\u00e2mpus Valen\u00e7a foi representado, na mesa de abertura, pela prof\u00aa. Adailde do Carmo Santos, que informou aos representantes das Institui\u00e7\u00f5es presentes a inten\u00e7\u00e3o do IFBaiano em dar sua contribui\u00e7\u00e3o social atrav\u00e9s da forma\u00e7\u00e3o de t\u00e9cnicos especializados para atender a demanda da cadeia produtiva do dend\u00ea, atrav\u00e9s do o Programa de Forma\u00e7\u00e3o de Recursos Humanos da Petrobras (PFRH), uma parceria IFBaiano com a Petrobras.<\/p>\n<p>&nbsp;<\/p>\n<p>Estiveram presentes do Evento representantes das Cooperativas de Produtores Rurais dos munic\u00edpios de Nazar\u00e9, Muniz Ferreira, Jaguaripe, Aratuipe, S\u00e3o Filipe, Valen\u00e7a, Tapero\u00e1, Nilo Pe\u00e7anha, Itubera, Igrapiuna e Camamu; Central das cooperativas (CCES), Central das Associa\u00e7\u00f5es da Agricultura Familiar de Valen\u00e7a e regi\u00e3o Baixo Sul, Federa\u00e7\u00e3o das Associa\u00e7\u00f5es da regi\u00e3o do Orob\u00f3, Federa\u00e7\u00e3o das Associa\u00e7\u00f5es do Jequiri\u00e7a, N\u00facleo do Territ\u00f3rio Baixo Sul, MDA, CEPLAC, OCEB, ASCOOB, IFBAIANO, IFBA, Banco do Nordeste, Banco do Brasil , Agrovida, al\u00e9m dos onze t\u00e9cnicos(as) agr\u00edcolas contratados(as) para prestar assist\u00eancia t\u00e9cnica aos 1100 agricultores familiares da regi\u00e3o, filiados as cooperativas que assinaram contratos de produ\u00e7\u00e3o com a PBIO.<\/p>\n<p>&nbsp;<\/p>\n<p>Segundo Institui\u00e7\u00f5es presentes no Semin\u00e1rio a inser\u00e7\u00e3o do IFBaiano na cadeia produtiva do dend\u00ea ser\u00e1 valiosa, j\u00e1 que a forma\u00e7\u00e3o de t\u00e9cnicos especializados na \u00e1rea de biocombust\u00edvel contribuir\u00e1 sensivelmente para o desenvolvimento da regi\u00e3o.<\/p>\n<p>&nbsp;<\/p>\n","protected":false},"excerpt":{"rendered":"<p>O IFBaiano, C\u00e2mpus Valen\u00e7a participou, na \u00faltima semana, do\u00a0 Semin\u00e1rio de Nivelamento Conceitual para Mobiliza\u00e7\u00e3o do Cultivo do Dend\u00ea, realizado no audit\u00f3rio do IFBA- Campus Valen\u00e7a, promovido pela Petrobras Biocombust\u00edvel (PBIO) e organizadora composta por David Gomes Leal- Gerente na Bahia,\u00a0 Jaqueline Ayres- Eng\u00aa Agr\u00f4noma , Jeosafira Chagas- Consultora. &nbsp; O C\u00e2mpus Valen\u00e7a foi representado, [&hellip;]<\/p>\n","protected":false},"author":6,"featured_media":0,"comment_status":"open","ping_status":"open","sticky":false,"template":"","format":"standard","meta":[],"categories":[21],"tags":[],"_links":{"self":[{"href":"https:\/\/www.ifbaiano.edu.br\/unidades\/valenca\/wp-json\/wp\/v2\/posts\/1835"}],"collection":[{"href":"https:\/\/www.ifbaiano.edu.br\/unidades\/valenca\/wp-json\/wp\/v2\/posts"}],"about":[{"href":"https:\/\/www.ifbaiano.edu.br\/unidades\/valenca\/wp-json\/wp\/v2\/types\/post"}],"author":[{"embeddable":true,"href":"https:\/\/www.ifbaiano.edu.br\/unidades\/valenca\/wp-json\/wp\/v2\/users\/6"}],"replies":[{"embeddable":true,"href":"https:\/\/www.ifbaiano.edu.br\/unidades\/valenca\/wp-json\/wp\/v2\/comments?post=1835"}],"version-history":[{"count":4,"href":"https:\/\/www.ifbaiano.edu.br\/unidades\/valenca\/wp-json\/wp\/v2\/posts\/1835\/revisions"}],"predecessor-version":[{"id":1936,"href":"https:\/\/www.ifbaiano.edu.br\/unidades\/valenca\/wp-json\/wp\/v2\/posts\/1835\/revisions\/1936"}],"wp:attachment":[{"href":"https:\/\/www.ifbaiano.edu.br\/unidades\/valenca\/wp-json\/wp\/v2\/media?parent=1835"}],"wp:term":[{"taxonomy":"category","embeddable":true,"href":"https:\/\/www.ifbaiano.edu.br\/unidades\/valenca\/wp-json\/wp\/v2\/categories?post=1835"},{"taxonomy":"post_tag","embeddable":true,"href":"https:\/\/www.ifbaiano.edu.br\/unidades\/valenca\/wp-json\/wp\/v2\/tags?post=1835"}],"curies":[{"name":"wp","href":"https:\/\/api.w.org\/{rel}","templated":true}]}}