{"id":1838,"date":"2012-05-14T01:31:33","date_gmt":"2012-05-14T01:31:33","guid":{"rendered":"http:\/\/www.ifbaiano.edu.br\/unidades\/valenca\/?p=1838"},"modified":"2012-05-14T01:31:33","modified_gmt":"2012-05-14T01:31:33","slug":"campus-valenca-seleciona-alunos-para-programa-de-assistencia-estudantil","status":"publish","type":"post","link":"https:\/\/www.ifbaiano.edu.br\/unidades\/valenca\/2012\/05\/14\/campus-valenca-seleciona-alunos-para-programa-de-assistencia-estudantil\/","title":{"rendered":"C\u00e2mpus Valen\u00e7a seleciona alunos para Programa de Assist\u00eancia Estudantil"},"content":{"rendered":"<p>No per\u00edodo de 07 a 14 de maio de 2012 est\u00e3o abertas as inscri\u00e7\u00f5es para a sele\u00e7\u00e3o do Programa de Assist\u00eancia Estudantil do IF Baiano \u2013 <em>Campus<\/em> Valen\u00e7a, destinados aos alunos regularmente matriculados em um dos curso ofertado pelo C\u00e2mpus, em todas as modalidades.<\/p>\n<p>O Programa de Assist\u00eancia Estudantil destina-se a identificar e selecionar alunos em situa\u00e7\u00e3o de vulnerabilidade social, visando igualdade de oportunidades entre<br \/>\ntodos os estudantes e promovendo condi\u00e7\u00f5es de perman\u00eancia ao aluno, evitando a evas\u00e3o e contribuindo para promo\u00e7\u00e3o da inclus\u00e3o social pela educa\u00e7\u00e3o.<\/p>\n<p>O estudante selecionado receber\u00e1 aux\u00edlio moradia, alimenta\u00e7\u00e3o, transporte, uniforme, material acad\u00eamico ou c\u00f3pia e impress\u00e3o. Cada aluno s\u00f3 poder\u00e1 concorrer a um<br \/>\ndos benef\u00edcios concedidos pelo programa. Aos estudantes da Modalidade de Ensino a Dist\u00e2ncia-EaD ser\u00e1 concedido somente Aux\u00edlio Transporte.<\/p>\n<p>Para mais informa\u00e7\u00f5es acesse o <a href=\"http:\/\/www.ifbaiano.edu.br\/unidades\/valenca\/files\/2012\/05\/MANUAL-PAISE.pdf\">Manual<\/a>.<\/p>\n","protected":false},"excerpt":{"rendered":"<p>No per\u00edodo de 07 a 14 de maio de 2012 est\u00e3o abertas as inscri\u00e7\u00f5es para a sele\u00e7\u00e3o do Programa de Assist\u00eancia Estudantil do IF Baiano \u2013 Campus Valen\u00e7a, destinados aos alunos regularmente matriculados em um dos curso ofertado pelo C\u00e2mpus, em todas as modalidades. O Programa de Assist\u00eancia Estudantil destina-se a identificar e selecionar alunos [&hellip;]<\/p>\n","protected":false},"author":6,"featured_media":0,"comment_status":"open","ping_status":"open","sticky":false,"template":"","format":"standard","meta":[],"categories":[47,35],"tags":[],"_links":{"self":[{"href":"https:\/\/www.ifbaiano.edu.br\/unidades\/valenca\/wp-json\/wp\/v2\/posts\/1838"}],"collection":[{"href":"https:\/\/www.ifbaiano.edu.br\/unidades\/valenca\/wp-json\/wp\/v2\/posts"}],"about":[{"href":"https:\/\/www.ifbaiano.edu.br\/unidades\/valenca\/wp-json\/wp\/v2\/types\/post"}],"author":[{"embeddable":true,"href":"https:\/\/www.ifbaiano.edu.br\/unidades\/valenca\/wp-json\/wp\/v2\/users\/6"}],"replies":[{"embeddable":true,"href":"https:\/\/www.ifbaiano.edu.br\/unidades\/valenca\/wp-json\/wp\/v2\/comments?post=1838"}],"version-history":[{"count":2,"href":"https:\/\/www.ifbaiano.edu.br\/unidades\/valenca\/wp-json\/wp\/v2\/posts\/1838\/revisions"}],"predecessor-version":[{"id":1841,"href":"https:\/\/www.ifbaiano.edu.br\/unidades\/valenca\/wp-json\/wp\/v2\/posts\/1838\/revisions\/1841"}],"wp:attachment":[{"href":"https:\/\/www.ifbaiano.edu.br\/unidades\/valenca\/wp-json\/wp\/v2\/media?parent=1838"}],"wp:term":[{"taxonomy":"category","embeddable":true,"href":"https:\/\/www.ifbaiano.edu.br\/unidades\/valenca\/wp-json\/wp\/v2\/categories?post=1838"},{"taxonomy":"post_tag","embeddable":true,"href":"https:\/\/www.ifbaiano.edu.br\/unidades\/valenca\/wp-json\/wp\/v2\/tags?post=1838"}],"curies":[{"name":"wp","href":"https:\/\/api.w.org\/{rel}","templated":true}]}}