{"id":1843,"date":"2012-05-14T01:58:26","date_gmt":"2012-05-14T01:58:26","guid":{"rendered":"http:\/\/www.ifbaiano.edu.br\/unidades\/valenca\/?p=1843"},"modified":"2012-05-30T20:16:11","modified_gmt":"2012-05-30T20:16:11","slug":"i-exame-de-faixa-dos-alunos-de-karate-do-do-ifbaiano-campus-valenca","status":"publish","type":"post","link":"https:\/\/www.ifbaiano.edu.br\/unidades\/valenca\/2012\/05\/14\/i-exame-de-faixa-dos-alunos-de-karate-do-do-ifbaiano-campus-valenca\/","title":{"rendered":"I EXAME DE FAIXA dos alunos de Karat\u00ea-do do IFBaiano C\u00e2mpus Valen\u00e7a"},"content":{"rendered":"<p>No \u00faltimo s\u00e1bado, 12\/05, alunos do curso de Karat\u00ea-do do IFBAIANO\u00a0 C\u00e2mpus Valen\u00e7a participaram do I EXAME DE FAIXA realizado pela Federa\u00e7\u00e3o Baiana de Karat\u00ea-do Tradicional, no audit\u00f3rio do pr\u00f3prio C\u00e2mpus.<\/p>\n<p>O representante da Federa\u00e7\u00e3o Baiana de Karat\u00ea-do Tradicional, Professor Alvaro de Paula 5\u00ba DAN, elogiou todos os nossos alunos que se submeteram ao exame de\u00a0 gradua\u00e7\u00e3o, destacando ainda como esta modalidade de Artes Marciais \u00e9 importante para a forma\u00e7\u00e3o dos cidad\u00e3os, parabenizando a iniciativa do IFBAIANO, C\u00e2mpus\u00a0Valen\u00e7a, em desenvolver esta atividade para seus alunos e servidores.<\/p>\n<p>O Professor Cleber de Jesus Figueiredo respons\u00e1vel em transmitir os ensinamentos do Karat\u00ea-do na escola, fala com satisfa\u00e7\u00e3o da aprova\u00e7\u00e3o dos oito alunos que se\u00a0 submeteram ao exame, destacando o comprometimento dos seus alunos, e espera que o KARAT\u00ca-DO TRADICIONAL continue crescendo dentro do C\u00e2mpus Valen\u00e7a e tamb\u00e9m, no futuro, em todo o Instituto Federal Baiano.<\/p>\n<p>&nbsp;<\/p>\n<p><a href=\"http:\/\/www.ifbaiano.edu.br\/unidades\/valenca\/files\/2012\/05\/exame-de-faixa-02.jpg\"><img decoding=\"async\" loading=\"lazy\" class=\"aligncenter size-medium wp-image-1844\" src=\"http:\/\/www.ifbaiano.edu.br\/unidades\/valenca\/files\/2012\/05\/exame-de-faixa-02-300x225.jpg\" alt=\"\" width=\"300\" height=\"225\" srcset=\"https:\/\/www.ifbaiano.edu.br\/unidades\/valenca\/files\/2012\/05\/exame-de-faixa-02-300x225.jpg 300w, https:\/\/www.ifbaiano.edu.br\/unidades\/valenca\/files\/2012\/05\/exame-de-faixa-02-400x300.jpg 400w, https:\/\/www.ifbaiano.edu.br\/unidades\/valenca\/files\/2012\/05\/exame-de-faixa-02.jpg 960w\" sizes=\"(max-width: 300px) 100vw, 300px\" \/><\/a><\/p>\n<p>&nbsp;<\/p>\n","protected":false},"excerpt":{"rendered":"<p>No \u00faltimo s\u00e1bado, 12\/05, alunos do curso de Karat\u00ea-do do IFBAIANO\u00a0 C\u00e2mpus Valen\u00e7a participaram do I EXAME DE FAIXA realizado pela Federa\u00e7\u00e3o Baiana de Karat\u00ea-do Tradicional, no audit\u00f3rio do pr\u00f3prio C\u00e2mpus. O representante da Federa\u00e7\u00e3o Baiana de Karat\u00ea-do Tradicional, Professor Alvaro de Paula 5\u00ba DAN, elogiou todos os nossos alunos que se submeteram ao exame [&hellip;]<\/p>\n","protected":false},"author":6,"featured_media":0,"comment_status":"open","ping_status":"open","sticky":false,"template":"","format":"standard","meta":[],"categories":[19],"tags":[],"_links":{"self":[{"href":"https:\/\/www.ifbaiano.edu.br\/unidades\/valenca\/wp-json\/wp\/v2\/posts\/1843"}],"collection":[{"href":"https:\/\/www.ifbaiano.edu.br\/unidades\/valenca\/wp-json\/wp\/v2\/posts"}],"about":[{"href":"https:\/\/www.ifbaiano.edu.br\/unidades\/valenca\/wp-json\/wp\/v2\/types\/post"}],"author":[{"embeddable":true,"href":"https:\/\/www.ifbaiano.edu.br\/unidades\/valenca\/wp-json\/wp\/v2\/users\/6"}],"replies":[{"embeddable":true,"href":"https:\/\/www.ifbaiano.edu.br\/unidades\/valenca\/wp-json\/wp\/v2\/comments?post=1843"}],"version-history":[{"count":5,"href":"https:\/\/www.ifbaiano.edu.br\/unidades\/valenca\/wp-json\/wp\/v2\/posts\/1843\/revisions"}],"predecessor-version":[{"id":1935,"href":"https:\/\/www.ifbaiano.edu.br\/unidades\/valenca\/wp-json\/wp\/v2\/posts\/1843\/revisions\/1935"}],"wp:attachment":[{"href":"https:\/\/www.ifbaiano.edu.br\/unidades\/valenca\/wp-json\/wp\/v2\/media?parent=1843"}],"wp:term":[{"taxonomy":"category","embeddable":true,"href":"https:\/\/www.ifbaiano.edu.br\/unidades\/valenca\/wp-json\/wp\/v2\/categories?post=1843"},{"taxonomy":"post_tag","embeddable":true,"href":"https:\/\/www.ifbaiano.edu.br\/unidades\/valenca\/wp-json\/wp\/v2\/tags?post=1843"}],"curies":[{"name":"wp","href":"https:\/\/api.w.org\/{rel}","templated":true}]}}