{"id":1849,"date":"2012-05-16T17:59:58","date_gmt":"2012-05-16T17:59:58","guid":{"rendered":"http:\/\/www.ifbaiano.edu.br\/unidades\/valenca\/?p=1849"},"modified":"2012-05-16T18:04:05","modified_gmt":"2012-05-16T18:04:05","slug":"campus-valenca-realiza-processo-seletivo-para-contratacao-de-professor-temporario-de-quimica-e-geografia","status":"publish","type":"post","link":"https:\/\/www.ifbaiano.edu.br\/unidades\/valenca\/2012\/05\/16\/campus-valenca-realiza-processo-seletivo-para-contratacao-de-professor-temporario-de-quimica-e-geografia\/","title":{"rendered":"Campus Valen\u00e7a realiza Processo Seletivo para contrata\u00e7\u00e3o de Professor Tempor\u00e1rio de Qu\u00edmica e Geografia"},"content":{"rendered":"<p>O Processo Seletivo destina-se \u00e0 contrata\u00e7\u00e3o de Professor Tempor\u00e1rio para atua\u00e7\u00e3o no <em>Campus<\/em> do IF Baiano em Valen\u00e7a. <strong>S\u00e3o oferecidas 02 vagas distribu\u00eddas nas \u00e1reas de Qu\u00edmica e Geografia.<\/strong> A remunera\u00e7\u00e3o inicial \u00e9 de\u00a0R$ 2.130,33, para o regime de trabalho de 40 horas semanais.<\/p>\n<p>As inscri\u00e7\u00f5es presenciais ou por procura\u00e7\u00e3o ser\u00e3o realizadas nos dias \u00fateis no per\u00edodo de <strong>16 a 24 de maio 2012<\/strong>, das <strong>8h00min \u00e0s 11h00min <\/strong>e das <strong>14h00min \u00e0s 17h00min<\/strong>, na Sala do N\u00facleo de Apoio \u00e0 Gest\u00e3o de Pessoas do IFBaiano, <em>Campus <\/em>Valen\u00e7a, localizado na Rua Glic\u00e9rio Tavares, s\/n, Bate-Quente, Valen\u00e7a-Ba.<\/p>\n<p>Para inscri\u00e7\u00f5es via internet o candidato dever\u00e1 preencher completamente a <strong><\/strong><a href=\"http:\/\/www.ifbaiano.edu.br\/unidades\/valenca\/files\/2012\/05\/FICHA-DE-INSC-selecao-prof-subst.pdf\">Ficha de Inscri\u00e7\u00e3o <\/a>constante no Anexo IV deste Edital, devidamente assinada, e envi\u00e1-la via e-mail para o endere\u00e7o eletr\u00f4nico selecaotemporario@valenca.ifbaiano.edu.br at\u00e9 as <strong>23h59min <\/strong>do dia <strong>24 de maio de 2012<\/strong>.<\/p>\n<p>A divulga\u00e7\u00e3o da rela\u00e7\u00e3o de inscritos ser\u00e1 divulgada no s\u00edtio <a href=\"http:\/\/www.ifbaiano.edu.br\">www.ifbaiano.edu.br<\/a> \u00a0ou <a href=\"http:\/\/www.ifbaiano.edu.br\/unidades\/valenca\">www.ifbaiano.edu.br\/unidades\/valenca<\/a> no dia <strong>25 de maio de 2012<\/strong>.<\/p>\n<p>&nbsp;<\/p>\n<p>ACESSE O <a href=\"http:\/\/www.ifbaiano.edu.br\/unidades\/valenca\/files\/2012\/05\/Edital-prof-substituto-valenca.pdf\">EDITAL N\u00ba 86<\/a><strong><\/strong><\/p>\n<p><strong><\/strong><a href=\"http:\/\/www.ifbaiano.edu.br\/unidades\/valenca\/files\/2012\/05\/FICHA-DE-INSC-selecao-prof-subst.pdf\">ANEXO IV<\/a> &#8211; FICHA DE INSCRI\u00c7\u00c3O DO(A) CANDIDATO(A)<\/p>\n<p><strong><a href=\"http:\/\/www.ifbaiano.edu.br\/unidades\/valenca\/files\/2012\/05\/FORMULARIo-recurso-selcao-frof-subst.pdf\">ANEXO V <\/a><\/strong> &#8211; FORMUL\u00c1RIO PARA RECURSO<\/p>\n<p>&nbsp;<\/p>\n<p>&nbsp;<\/p>\n<p><strong>\u00a0<\/strong><\/p>\n<p><strong>______________________________________________________<\/strong><\/p>\n<p><strong>\u00a0<\/strong><\/p>\n<p><strong>O qu\u00ea? <\/strong>Sele\u00e7\u00e3o<br \/>\npara contrata\u00e7\u00e3o de Professor Tempor\u00e1rio<\/p>\n<p><strong>Quando? <\/strong>16\/05\/2012<br \/>\na 24\/05\/2012<\/p>\n<p><strong>Onde:<\/strong><a title=\"http:\/\/www.ifbaiano.edu.br\/unidades\/valenca\" href=\"http:\/\/www.ifbaiano.edu.br\/unidades\/valenca\" target=\"_blank\">http:\/\/www.ifbaiano.edu.br\/unidades\/valenca<\/a><\/p>\n","protected":false},"excerpt":{"rendered":"<p>O Processo Seletivo destina-se \u00e0 contrata\u00e7\u00e3o de Professor Tempor\u00e1rio para atua\u00e7\u00e3o no Campus do IF Baiano em Valen\u00e7a. S\u00e3o oferecidas 02 vagas distribu\u00eddas nas \u00e1reas de Qu\u00edmica e Geografia. A remunera\u00e7\u00e3o inicial \u00e9 de\u00a0R$ 2.130,33, para o regime de trabalho de 40 horas semanais. As inscri\u00e7\u00f5es presenciais ou por procura\u00e7\u00e3o ser\u00e3o realizadas nos dias \u00fateis [&hellip;]<\/p>\n","protected":false},"author":6,"featured_media":0,"comment_status":"open","ping_status":"open","sticky":false,"template":"","format":"standard","meta":[],"categories":[5,32],"tags":[],"_links":{"self":[{"href":"https:\/\/www.ifbaiano.edu.br\/unidades\/valenca\/wp-json\/wp\/v2\/posts\/1849"}],"collection":[{"href":"https:\/\/www.ifbaiano.edu.br\/unidades\/valenca\/wp-json\/wp\/v2\/posts"}],"about":[{"href":"https:\/\/www.ifbaiano.edu.br\/unidades\/valenca\/wp-json\/wp\/v2\/types\/post"}],"author":[{"embeddable":true,"href":"https:\/\/www.ifbaiano.edu.br\/unidades\/valenca\/wp-json\/wp\/v2\/users\/6"}],"replies":[{"embeddable":true,"href":"https:\/\/www.ifbaiano.edu.br\/unidades\/valenca\/wp-json\/wp\/v2\/comments?post=1849"}],"version-history":[{"count":6,"href":"https:\/\/www.ifbaiano.edu.br\/unidades\/valenca\/wp-json\/wp\/v2\/posts\/1849\/revisions"}],"predecessor-version":[{"id":1856,"href":"https:\/\/www.ifbaiano.edu.br\/unidades\/valenca\/wp-json\/wp\/v2\/posts\/1849\/revisions\/1856"}],"wp:attachment":[{"href":"https:\/\/www.ifbaiano.edu.br\/unidades\/valenca\/wp-json\/wp\/v2\/media?parent=1849"}],"wp:term":[{"taxonomy":"category","embeddable":true,"href":"https:\/\/www.ifbaiano.edu.br\/unidades\/valenca\/wp-json\/wp\/v2\/categories?post=1849"},{"taxonomy":"post_tag","embeddable":true,"href":"https:\/\/www.ifbaiano.edu.br\/unidades\/valenca\/wp-json\/wp\/v2\/tags?post=1849"}],"curies":[{"name":"wp","href":"https:\/\/api.w.org\/{rel}","templated":true}]}}