{"id":1873,"date":"2012-05-18T17:43:48","date_gmt":"2012-05-18T17:43:48","guid":{"rendered":"http:\/\/www.ifbaiano.edu.br\/unidades\/valenca\/?p=1873"},"modified":"2012-05-21T13:32:45","modified_gmt":"2012-05-21T13:32:45","slug":"formatura-de-alunos-do-curso-tecnico-em-agropecuaria-do-if-bainao-campus-valenca-sera-proximo-sabado","status":"publish","type":"post","link":"https:\/\/www.ifbaiano.edu.br\/unidades\/valenca\/2012\/05\/18\/formatura-de-alunos-do-curso-tecnico-em-agropecuaria-do-if-bainao-campus-valenca-sera-proximo-sabado\/","title":{"rendered":"Formatura de alunos do Curso T\u00e9cnico em Agropecu\u00e1ria do IF Baiano Campus Valen\u00e7a ser\u00e1 pr\u00f3ximo s\u00e1bado"},"content":{"rendered":"<p>\u00a0<span style=\"font-size: large\">O Diretor Geral, Giovanni Gomes Lessa, no uso de suas atribui\u00e7\u00f5es legais, tem a honra de convidar a todos\u00a0<\/span><span style=\"font-size: large\"> para a solenidade alusiva \u00e0 formatura dos alunos da turma do Curso T\u00e9cnico em Agropecu\u00e1ria do IF Baiano \u2013 <\/span><span style=\"font-size: large\"><em>Campus<\/em><\/span><span style=\"font-size: large\"> Valen\u00e7a, que ocorrer\u00e1 no dia 19\/05\/2012 (s\u00e1bado) \u00e0s 19:00h, nas instala\u00e7\u00f5es desta institui\u00e7\u00e3o.<\/span><\/p>\n<p>&nbsp;<\/p>\n<p>&nbsp;<\/p>\n","protected":false},"excerpt":{"rendered":"<p>\u00a0O Diretor Geral, Giovanni Gomes Lessa, no uso de suas atribui\u00e7\u00f5es legais, tem a honra de convidar a todos\u00a0 para a solenidade alusiva \u00e0 formatura dos alunos da turma do Curso T\u00e9cnico em Agropecu\u00e1ria do IF Baiano \u2013 Campus Valen\u00e7a, que ocorrer\u00e1 no dia 19\/05\/2012 (s\u00e1bado) \u00e0s 19:00h, nas instala\u00e7\u00f5es desta institui\u00e7\u00e3o. &nbsp; &nbsp;<\/p>\n","protected":false},"author":6,"featured_media":0,"comment_status":"open","ping_status":"open","sticky":false,"template":"","format":"standard","meta":[],"categories":[34],"tags":[],"_links":{"self":[{"href":"https:\/\/www.ifbaiano.edu.br\/unidades\/valenca\/wp-json\/wp\/v2\/posts\/1873"}],"collection":[{"href":"https:\/\/www.ifbaiano.edu.br\/unidades\/valenca\/wp-json\/wp\/v2\/posts"}],"about":[{"href":"https:\/\/www.ifbaiano.edu.br\/unidades\/valenca\/wp-json\/wp\/v2\/types\/post"}],"author":[{"embeddable":true,"href":"https:\/\/www.ifbaiano.edu.br\/unidades\/valenca\/wp-json\/wp\/v2\/users\/6"}],"replies":[{"embeddable":true,"href":"https:\/\/www.ifbaiano.edu.br\/unidades\/valenca\/wp-json\/wp\/v2\/comments?post=1873"}],"version-history":[{"count":5,"href":"https:\/\/www.ifbaiano.edu.br\/unidades\/valenca\/wp-json\/wp\/v2\/posts\/1873\/revisions"}],"predecessor-version":[{"id":1890,"href":"https:\/\/www.ifbaiano.edu.br\/unidades\/valenca\/wp-json\/wp\/v2\/posts\/1873\/revisions\/1890"}],"wp:attachment":[{"href":"https:\/\/www.ifbaiano.edu.br\/unidades\/valenca\/wp-json\/wp\/v2\/media?parent=1873"}],"wp:term":[{"taxonomy":"category","embeddable":true,"href":"https:\/\/www.ifbaiano.edu.br\/unidades\/valenca\/wp-json\/wp\/v2\/categories?post=1873"},{"taxonomy":"post_tag","embeddable":true,"href":"https:\/\/www.ifbaiano.edu.br\/unidades\/valenca\/wp-json\/wp\/v2\/tags?post=1873"}],"curies":[{"name":"wp","href":"https:\/\/api.w.org\/{rel}","templated":true}]}}