{"id":1878,"date":"2012-05-21T12:27:34","date_gmt":"2012-05-21T12:27:34","guid":{"rendered":"http:\/\/www.ifbaiano.edu.br\/unidades\/valenca\/?p=1878"},"modified":"2012-05-30T20:15:46","modified_gmt":"2012-05-30T20:15:46","slug":"valenca-recebera-palestra-sobre-atlas-digital-do-if-baiano","status":"publish","type":"post","link":"https:\/\/www.ifbaiano.edu.br\/unidades\/valenca\/2012\/05\/21\/valenca-recebera-palestra-sobre-atlas-digital-do-if-baiano\/","title":{"rendered":"Valen\u00e7a receber\u00e1 Palestra sobre ATLAS DIGITAL DO IF BAIANO"},"content":{"rendered":"<p align=\"JUSTIFY\"><span style=\"color: #000000\"><span style=\"font-family: Lucida Sans, sans-serif\"><span style=\"font-size: small\">Acontecer\u00e1 <\/span><\/span><\/span><span style=\"color: #000000\"><span style=\"font-family: Lucida Sans, sans-serif\"><span style=\"font-size: small\">pr\u00f3ximo <\/span><\/span><\/span><span style=\"color: #000000\"><span style=\"font-family: Lucida Sans, sans-serif\"><span style=\"font-size: small\">dia <\/span><\/span><\/span><span style=\"color: #000000\"><span style=\"font-family: Lucida Sans, sans-serif\"><span style=\"font-size: small\">25\/05, <\/span><\/span><\/span><span style=\"color: #000000\"><span style=\"font-family: Lucida Sans, sans-serif\"><span style=\"font-size: small\">no <\/span><\/span><\/span><span style=\"color: #000000\"><span style=\"font-family: Lucida Sans, sans-serif\"><span style=\"font-size: small\">audit\u00f3rio <\/span><\/span><\/span><span style=\"color: #000000\"><span style=\"font-family: Lucida Sans, sans-serif\"><span style=\"font-size: small\">do <\/span><\/span><\/span><span style=\"color: #000000\"><span style=\"font-family: Lucida Sans, sans-serif\"><span style=\"font-size: small\"><em>campus<\/em><\/span><\/span><\/span><span style=\"color: #000000\"><span style=\"font-family: Lucida Sans, sans-serif\"><span style=\"font-size: small\">, <\/span><\/span><\/span><span style=\"color: #000000\"><span style=\"font-family: Lucida Sans, sans-serif\"><span style=\"font-size: small\">juntamente <\/span><\/span><\/span><span style=\"color: #000000\"><span style=\"font-family: Lucida Sans, sans-serif\"><span style=\"font-size: small\">com <\/span><\/span><\/span><span style=\"color: #000000\"><span style=\"font-family: Lucida Sans, sans-serif\"><span style=\"font-size: small\">a <\/span><\/span><\/span><span style=\"color: #000000\"><span style=\"font-family: Lucida Sans, sans-serif\"><span style=\"font-size: small\">Reitoria, <\/span><\/span><\/span><span style=\"color: #000000\"><span style=\"font-family: Lucida Sans, sans-serif\"><span style=\"font-size: small\">atrav\u00e9s <\/span><\/span><\/span><span style=\"color: #000000\"><span style=\"font-family: Lucida Sans, sans-serif\"><span style=\"font-size: small\">da <\/span><\/span><\/span><span style=\"color: #000000\"><span style=\"font-family: Lucida Sans, sans-serif\"><span style=\"font-size: small\">Pr\u00f3-reitoria <\/span><\/span><\/span><span style=\"color: #000000\"><span style=\"font-family: Lucida Sans, sans-serif\"><span style=\"font-size: small\">de <\/span><\/span><\/span><span style=\"color: #000000\"><span style=\"font-family: Lucida Sans, sans-serif\"><span style=\"font-size: small\">Pesquis<\/span><\/span><\/span><span style=\"color: #000000\"><span style=\"font-family: Lucida Sans, sans-serif\"><span style=\"font-size: small\">a <\/span><\/span><\/span><span style=\"color: #000000\"><span style=\"font-family: Lucida Sans, sans-serif\"><span style=\"font-size: small\">e <\/span><\/span><\/span><span style=\"color: #000000\"><span style=\"font-family: Lucida Sans, sans-serif\"><span style=\"font-size: small\">Inova\u00e7\u00e3o <\/span><\/span><\/span><span style=\"color: #000000\"><span style=\"font-family: Lucida Sans, sans-serif\"><span style=\"font-size: small\">\u2013 <\/span><\/span><\/span><span style=\"color: #000000\"><span style=\"font-family: Lucida Sans, sans-serif\"><span style=\"font-size: small\">PROPES, <\/span><\/span><\/span><span style=\"color: #000000\"><span style=\"font-family: Lucida Sans, sans-serif\"><span style=\"font-size: small\">a <\/span><\/span><\/span><span style=\"color: #000000\"><span style=\"font-family: Lucida Sans, sans-serif\"><span style=\"font-size: small\">Palestra <\/span><\/span><\/span><span style=\"color: #000000\"><span style=\"font-family: Lucida Sans, sans-serif\"><span style=\"font-size: small\">sobre <\/span><\/span><\/span><span style=\"color: #000000\"><span style=\"font-family: Lucida Sans, sans-serif\"><span style=\"font-size: small\">o <\/span><\/span><\/span><span style=\"color: #000000\"><span style=\"font-family: Lucida Sans, sans-serif\"><span style=\"font-size: small\">Projeto <\/span><\/span><\/span><span style=\"color: #000000\"><span style=\"font-family: Lucida Sans, sans-serif\"><span style=\"font-size: small\">ATLAS <\/span><\/span><\/span><span style=\"color: #000000\"><span style=\"font-family: Lucida Sans, sans-serif\"><span style=\"font-size: small\">DIGITAL <\/span><\/span><\/span><span style=\"color: #000000\"><span style=\"font-family: Lucida Sans, sans-serif\"><span style=\"font-size: small\">DO <\/span><\/span><\/span><span style=\"color: #000000\"><span style=\"font-family: Lucida Sans, sans-serif\"><span style=\"font-size: small\">IF <\/span><\/span><\/span><span style=\"color: #000000\"><span style=\"font-family: Lucida Sans, sans-serif\"><span style=\"font-size: small\">BAIANO.<\/span><\/span><\/span><span style=\"color: #000000\"><span style=\"font-family: Lucida Sans, sans-serif\"><span style=\"font-size: small\"><br \/>\n<\/span><\/span><\/span><\/p>\n<p align=\"JUSTIFY\"><span style=\"color: #000000\"><span style=\"font-family: Lucida Sans, sans-serif\"><span style=\"font-size: small\">O <\/span><\/span><\/span><span style=\"color: #000000\"><span style=\"font-family: Lucida Sans, sans-serif\"><span style=\"font-size: small\">evento <\/span><\/span><\/span><span style=\"color: #000000\"><span style=\"font-family: Lucida Sans, sans-serif\"><span style=\"font-size: small\">tem <\/span><\/span><\/span><span style=\"color: #000000\"><span style=\"font-family: Lucida Sans, sans-serif\"><span style=\"font-size: small\">o <\/span><\/span><\/span><span style=\"color: #000000\"><span style=\"font-family: Lucida Sans, sans-serif\"><span style=\"font-size: small\">objetivo <\/span><\/span><\/span><span style=\"color: #000000\"><span style=\"font-family: Lucida Sans, sans-serif\"><span style=\"font-size: small\">de <\/span><\/span><\/span><span style=\"color: #000000\"><span style=\"font-family: Lucida Sans, sans-serif\"><span style=\"font-size: small\">explicar <\/span><\/span><\/span><span style=\"color: #000000\"><span style=\"font-family: Lucida Sans, sans-serif\"><span style=\"font-size: small\">o <\/span><\/span><\/span><span style=\"color: #000000\"><span style=\"font-family: Lucida Sans, sans-serif\"><span style=\"font-size: small\">que <\/span><\/span><\/span><span style=\"color: #000000\"><span style=\"font-family: Lucida Sans, sans-serif\"><span style=\"font-size: small\">\u00e9 <\/span><\/span><\/span><span style=\"color: #000000\"><span style=\"font-family: Lucida Sans, sans-serif\"><span style=\"font-size: small\">o <\/span><\/span><\/span><span style=\"color: #000000\"><span style=\"font-family: Lucida Sans, sans-serif\"><span style=\"font-size: small\">Projeto <\/span><\/span><\/span><span style=\"color: #000000\"><span style=\"font-family: Lucida Sans, sans-serif\"><span style=\"font-size: small\">e <\/span><\/span><\/span><span style=\"color: #000000\"><span style=\"font-family: Lucida Sans, sans-serif\"><span style=\"font-size: small\">como <\/span><\/span><\/span><span style=\"color: #000000\"><span style=\"font-family: Lucida Sans, sans-serif\"><span style=\"font-size: small\">este <\/span><\/span><\/span><span style=\"color: #000000\"><span style=\"font-family: Lucida Sans, sans-serif\"><span style=\"font-size: small\">ser\u00e1 <\/span><\/span><\/span><span style=\"color: #000000\"><span style=\"font-family: Lucida Sans, sans-serif\"><span style=\"font-size: small\">desenvolvido.<\/span><\/span><\/span><\/p>\n","protected":false},"excerpt":{"rendered":"<p>Acontecer\u00e1 pr\u00f3ximo dia 25\/05, no audit\u00f3rio do campus, juntamente com a Reitoria, atrav\u00e9s da Pr\u00f3-reitoria de Pesquisa e Inova\u00e7\u00e3o \u2013 PROPES, a Palestra sobre o Projeto ATLAS DIGITAL DO IF BAIANO. O evento tem o objetivo de explicar o que \u00e9 o Projeto e como este ser\u00e1 desenvolvido.<\/p>\n","protected":false},"author":6,"featured_media":0,"comment_status":"open","ping_status":"open","sticky":false,"template":"","format":"standard","meta":[],"categories":[34],"tags":[],"_links":{"self":[{"href":"https:\/\/www.ifbaiano.edu.br\/unidades\/valenca\/wp-json\/wp\/v2\/posts\/1878"}],"collection":[{"href":"https:\/\/www.ifbaiano.edu.br\/unidades\/valenca\/wp-json\/wp\/v2\/posts"}],"about":[{"href":"https:\/\/www.ifbaiano.edu.br\/unidades\/valenca\/wp-json\/wp\/v2\/types\/post"}],"author":[{"embeddable":true,"href":"https:\/\/www.ifbaiano.edu.br\/unidades\/valenca\/wp-json\/wp\/v2\/users\/6"}],"replies":[{"embeddable":true,"href":"https:\/\/www.ifbaiano.edu.br\/unidades\/valenca\/wp-json\/wp\/v2\/comments?post=1878"}],"version-history":[{"count":5,"href":"https:\/\/www.ifbaiano.edu.br\/unidades\/valenca\/wp-json\/wp\/v2\/posts\/1878\/revisions"}],"predecessor-version":[{"id":1934,"href":"https:\/\/www.ifbaiano.edu.br\/unidades\/valenca\/wp-json\/wp\/v2\/posts\/1878\/revisions\/1934"}],"wp:attachment":[{"href":"https:\/\/www.ifbaiano.edu.br\/unidades\/valenca\/wp-json\/wp\/v2\/media?parent=1878"}],"wp:term":[{"taxonomy":"category","embeddable":true,"href":"https:\/\/www.ifbaiano.edu.br\/unidades\/valenca\/wp-json\/wp\/v2\/categories?post=1878"},{"taxonomy":"post_tag","embeddable":true,"href":"https:\/\/www.ifbaiano.edu.br\/unidades\/valenca\/wp-json\/wp\/v2\/tags?post=1878"}],"curies":[{"name":"wp","href":"https:\/\/api.w.org\/{rel}","templated":true}]}}