{"id":1883,"date":"2012-05-21T13:30:38","date_gmt":"2012-05-21T13:30:38","guid":{"rendered":"http:\/\/www.ifbaiano.edu.br\/unidades\/valenca\/?p=1883"},"modified":"2012-05-30T20:17:38","modified_gmt":"2012-05-30T20:17:38","slug":"campus-valenca-realiza-cerimonia-de-formatura-de-alunos-do-curso-tecnico-em-agropecuaria","status":"publish","type":"post","link":"https:\/\/www.ifbaiano.edu.br\/unidades\/valenca\/2012\/05\/21\/campus-valenca-realiza-cerimonia-de-formatura-de-alunos-do-curso-tecnico-em-agropecuaria\/","title":{"rendered":"Campus Valen\u00e7a realiza cerim\u00f4nia de formatura de alunos do Curso T\u00e9cnico em Agropecu\u00e1ria"},"content":{"rendered":"<p style=\"text-align: left\" align=\"CENTER\">Na noite do \u00faltimo s\u00e1bado, 19-05, o IF Baiano <em>campus<\/em> Valen\u00e7a teve a honra de realizar a cerim\u00f4nia de formatura de alunos do Curso T\u00e9cnico em Agropecu\u00e1ria.<\/p>\n<p>O evento representa o in\u00edcio de uma nova etapa para esse alunos que agora verdadeiramente transformam-se em T\u00e9cnicos em Agropecu\u00e1ria.<\/p>\n<p>&nbsp;<\/p>\n<p><a href=\"http:\/\/www.ifbaiano.edu.br\/unidades\/valenca\/files\/2012\/05\/DSC0078.jpg\"><img decoding=\"async\" loading=\"lazy\" class=\"aligncenter size-medium wp-image-1884\" src=\"http:\/\/www.ifbaiano.edu.br\/unidades\/valenca\/files\/2012\/05\/DSC0078-300x199.jpg\" alt=\"\" width=\"300\" height=\"199\" srcset=\"https:\/\/www.ifbaiano.edu.br\/unidades\/valenca\/files\/2012\/05\/DSC0078-300x199.jpg 300w, https:\/\/www.ifbaiano.edu.br\/unidades\/valenca\/files\/2012\/05\/DSC0078-1024x680.jpg 1024w, https:\/\/www.ifbaiano.edu.br\/unidades\/valenca\/files\/2012\/05\/DSC0078-400x265.jpg 400w, https:\/\/www.ifbaiano.edu.br\/unidades\/valenca\/files\/2012\/05\/DSC0078.jpg 1072w\" sizes=\"(max-width: 300px) 100vw, 300px\" \/><\/a><\/p>\n<p><a href=\"http:\/\/www.ifbaiano.edu.br\/unidades\/valenca\/files\/2012\/05\/DSC0081.jpg\"><img decoding=\"async\" loading=\"lazy\" class=\"aligncenter size-medium wp-image-1885\" src=\"http:\/\/www.ifbaiano.edu.br\/unidades\/valenca\/files\/2012\/05\/DSC0081-300x199.jpg\" alt=\"\" width=\"300\" height=\"199\" srcset=\"https:\/\/www.ifbaiano.edu.br\/unidades\/valenca\/files\/2012\/05\/DSC0081-300x199.jpg 300w, https:\/\/www.ifbaiano.edu.br\/unidades\/valenca\/files\/2012\/05\/DSC0081-1024x680.jpg 1024w, https:\/\/www.ifbaiano.edu.br\/unidades\/valenca\/files\/2012\/05\/DSC0081-400x265.jpg 400w, https:\/\/www.ifbaiano.edu.br\/unidades\/valenca\/files\/2012\/05\/DSC0081.jpg 1072w\" sizes=\"(max-width: 300px) 100vw, 300px\" \/><\/a><\/p>\n<p><a href=\"http:\/\/www.ifbaiano.edu.br\/unidades\/valenca\/files\/2012\/05\/DSC00801.jpg\"><img decoding=\"async\" loading=\"lazy\" class=\"aligncenter size-medium wp-image-1887\" src=\"http:\/\/www.ifbaiano.edu.br\/unidades\/valenca\/files\/2012\/05\/DSC00801-300x199.jpg\" alt=\"\" width=\"300\" height=\"199\" srcset=\"https:\/\/www.ifbaiano.edu.br\/unidades\/valenca\/files\/2012\/05\/DSC00801-300x199.jpg 300w, https:\/\/www.ifbaiano.edu.br\/unidades\/valenca\/files\/2012\/05\/DSC00801-1024x680.jpg 1024w, https:\/\/www.ifbaiano.edu.br\/unidades\/valenca\/files\/2012\/05\/DSC00801-400x265.jpg 400w, https:\/\/www.ifbaiano.edu.br\/unidades\/valenca\/files\/2012\/05\/DSC00801.jpg 1072w\" sizes=\"(max-width: 300px) 100vw, 300px\" \/><\/a><\/p>\n","protected":false},"excerpt":{"rendered":"<p>Na noite do \u00faltimo s\u00e1bado, 19-05, o IF Baiano campus Valen\u00e7a teve a honra de realizar a cerim\u00f4nia de formatura de alunos do Curso T\u00e9cnico em Agropecu\u00e1ria. O evento representa o in\u00edcio de uma nova etapa para esse alunos que agora verdadeiramente transformam-se em T\u00e9cnicos em Agropecu\u00e1ria. &nbsp;<\/p>\n","protected":false},"author":6,"featured_media":0,"comment_status":"open","ping_status":"open","sticky":false,"template":"","format":"standard","meta":[],"categories":[34],"tags":[],"_links":{"self":[{"href":"https:\/\/www.ifbaiano.edu.br\/unidades\/valenca\/wp-json\/wp\/v2\/posts\/1883"}],"collection":[{"href":"https:\/\/www.ifbaiano.edu.br\/unidades\/valenca\/wp-json\/wp\/v2\/posts"}],"about":[{"href":"https:\/\/www.ifbaiano.edu.br\/unidades\/valenca\/wp-json\/wp\/v2\/types\/post"}],"author":[{"embeddable":true,"href":"https:\/\/www.ifbaiano.edu.br\/unidades\/valenca\/wp-json\/wp\/v2\/users\/6"}],"replies":[{"embeddable":true,"href":"https:\/\/www.ifbaiano.edu.br\/unidades\/valenca\/wp-json\/wp\/v2\/comments?post=1883"}],"version-history":[{"count":3,"href":"https:\/\/www.ifbaiano.edu.br\/unidades\/valenca\/wp-json\/wp\/v2\/posts\/1883\/revisions"}],"predecessor-version":[{"id":1941,"href":"https:\/\/www.ifbaiano.edu.br\/unidades\/valenca\/wp-json\/wp\/v2\/posts\/1883\/revisions\/1941"}],"wp:attachment":[{"href":"https:\/\/www.ifbaiano.edu.br\/unidades\/valenca\/wp-json\/wp\/v2\/media?parent=1883"}],"wp:term":[{"taxonomy":"category","embeddable":true,"href":"https:\/\/www.ifbaiano.edu.br\/unidades\/valenca\/wp-json\/wp\/v2\/categories?post=1883"},{"taxonomy":"post_tag","embeddable":true,"href":"https:\/\/www.ifbaiano.edu.br\/unidades\/valenca\/wp-json\/wp\/v2\/tags?post=1883"}],"curies":[{"name":"wp","href":"https:\/\/api.w.org\/{rel}","templated":true}]}}