{"id":1891,"date":"2012-05-24T13:26:03","date_gmt":"2012-05-24T13:26:03","guid":{"rendered":"http:\/\/www.ifbaiano.edu.br\/unidades\/valenca\/?p=1891"},"modified":"2012-05-25T18:08:21","modified_gmt":"2012-05-25T18:08:21","slug":"reuniao-de-pais-e-mestres","status":"publish","type":"post","link":"https:\/\/www.ifbaiano.edu.br\/unidades\/valenca\/2012\/05\/24\/reuniao-de-pais-e-mestres\/","title":{"rendered":"Reuni\u00e3o de Pais e Mestres"},"content":{"rendered":"<p>O N\u00facleo de Gest\u00e3o de Pessoas do Campus Valen\u00e7a convida aos pais e professores para participar da <strong>Primeira reuni\u00e3o de Pais e Mestres, <\/strong>que acontecer\u00e1 no dia 24 de maio de 2012, no Audit\u00f3rio do <em>campus.<br \/>\n<\/em><\/p>\n<p>A reuni\u00e3o acontecer\u00e1 em dois momentos:<\/p>\n<ul>\n<li>Das\u00a0 13h30min \u00e0s 15h30min para as turmas da 1\u00aa s\u00e9rie<\/li>\n<li>Das\u00a0 15h30min \u00e0s 17h30min para as turmas da 2\u00aa e 3\u00aa s\u00e9rie<\/li>\n<\/ul>\n<p>O objetivo da reuni\u00e3o ser\u00e1 apresentar \u00e0 fam\u00edlia dos discentes\u00a0o planejamento do <em>Campus <\/em>para o ano letivo\u00a0de 2012.<\/p>\n<p>&nbsp;<\/p>\n","protected":false},"excerpt":{"rendered":"<p>O N\u00facleo de Gest\u00e3o de Pessoas do Campus Valen\u00e7a convida aos pais e professores para participar da Primeira reuni\u00e3o de Pais e Mestres, que acontecer\u00e1 no dia 24 de maio de 2012, no Audit\u00f3rio do campus. A reuni\u00e3o acontecer\u00e1 em dois momentos: Das\u00a0 13h30min \u00e0s 15h30min para as turmas da 1\u00aa s\u00e9rie Das\u00a0 15h30min \u00e0s [&hellip;]<\/p>\n","protected":false},"author":6,"featured_media":0,"comment_status":"open","ping_status":"open","sticky":false,"template":"","format":"standard","meta":[],"categories":[10],"tags":[],"_links":{"self":[{"href":"https:\/\/www.ifbaiano.edu.br\/unidades\/valenca\/wp-json\/wp\/v2\/posts\/1891"}],"collection":[{"href":"https:\/\/www.ifbaiano.edu.br\/unidades\/valenca\/wp-json\/wp\/v2\/posts"}],"about":[{"href":"https:\/\/www.ifbaiano.edu.br\/unidades\/valenca\/wp-json\/wp\/v2\/types\/post"}],"author":[{"embeddable":true,"href":"https:\/\/www.ifbaiano.edu.br\/unidades\/valenca\/wp-json\/wp\/v2\/users\/6"}],"replies":[{"embeddable":true,"href":"https:\/\/www.ifbaiano.edu.br\/unidades\/valenca\/wp-json\/wp\/v2\/comments?post=1891"}],"version-history":[{"count":6,"href":"https:\/\/www.ifbaiano.edu.br\/unidades\/valenca\/wp-json\/wp\/v2\/posts\/1891\/revisions"}],"predecessor-version":[{"id":1894,"href":"https:\/\/www.ifbaiano.edu.br\/unidades\/valenca\/wp-json\/wp\/v2\/posts\/1891\/revisions\/1894"}],"wp:attachment":[{"href":"https:\/\/www.ifbaiano.edu.br\/unidades\/valenca\/wp-json\/wp\/v2\/media?parent=1891"}],"wp:term":[{"taxonomy":"category","embeddable":true,"href":"https:\/\/www.ifbaiano.edu.br\/unidades\/valenca\/wp-json\/wp\/v2\/categories?post=1891"},{"taxonomy":"post_tag","embeddable":true,"href":"https:\/\/www.ifbaiano.edu.br\/unidades\/valenca\/wp-json\/wp\/v2\/tags?post=1891"}],"curies":[{"name":"wp","href":"https:\/\/api.w.org\/{rel}","templated":true}]}}