{"id":1901,"date":"2012-05-25T17:37:30","date_gmt":"2012-05-25T17:37:30","guid":{"rendered":"http:\/\/www.ifbaiano.edu.br\/unidades\/valenca\/?p=1901"},"modified":"2012-05-25T19:52:02","modified_gmt":"2012-05-25T19:52:02","slug":"homologada-inscricoes-para-processo-seletivo-para-contratacao-de-professores-do-campus-valenca","status":"publish","type":"post","link":"https:\/\/www.ifbaiano.edu.br\/unidades\/valenca\/2012\/05\/25\/homologada-inscricoes-para-processo-seletivo-para-contratacao-de-professores-do-campus-valenca\/","title":{"rendered":"Divulgada LISTA DE INSCRITOS para Processo Seletivo para contrata\u00e7\u00e3o de Professores do Campus Valen\u00e7a"},"content":{"rendered":"<p align=\"JUSTIFY\">A comiss\u00e3o respons\u00e1vel pelo Processo Seletivo Simplificado para contrata\u00e7\u00e3o de professor Substituto nas \u00e1reas de Qu\u00edmica e Geografia para o <em>campus <\/em>Valen\u00e7a\u00a0 torna p\u00fablica a rela\u00e7\u00e3o de Ficha(s) de Inscri\u00e7\u00e3o(\u00f5es) recebidas via internet a serem validadas no dia 28 de maio de 2012 conforme item 3.2.3. do Edital N\u00ba 86 de 15 de maio de 2012; e Rela\u00e7\u00e3o de Inscrito(s) realizada(s) na forma presencial conforme item 3.2.1. do Edital N\u00ba 86 de 15 de maio de 2012.<\/p>\n<p align=\"JUSTIFY\">As datas previstas em edital continuam vigentes. Os candidatos dever\u00e3o comparecer ao IF Baiano \u2013 <em>Campus <\/em>Valen\u00e7a, <span style=\"font-family: Times New Roman, serif\"><span style=\"font-size: small\">situado \u00e0 Rua Glic\u00e9rio Tavares, s\/n, Bate Quente, CEP 45.400-000, munic\u00edpio de Valen\u00e7a-BA<\/span><\/span>, no dia <span style=\"font-family: Times New Roman, serif\"><span style=\"font-size: small\"><strong>28 de maio de 2012, \u00e0s 08:30h (oito horas e trinta minutos) <\/strong><\/span><\/span><span style=\"font-family: Times New Roman, serif\"><span style=\"font-size: small\">no Audit\u00f3rio do referido <\/span><\/span><span style=\"font-family: Times New Roman, serif\"><span style=\"font-size: small\"><em>Campus<\/em><\/span><\/span><span style=\"font-family: Times New Roman, serif\"><span style=\"font-size: small\">,\u00a0quando\u00a0<\/span><\/span>ser\u00e1 realizado o sorteio da ordem de apresenta\u00e7\u00e3o para a aula p\u00fablica, assim como apresentar a documenta\u00e7\u00e3o exigida para a prova de t\u00edtulos, conforme <a href=\"http:\/\/www.ifbaiano.edu.br\/unidades\/valenca\/files\/2012\/05\/Edital-prof-substituto-valenca1.pdf\">Edital n\u00ba 86<\/a>.<\/p>\n<p>Acesse\u00a0<a href=\"http:\/\/www.ifbaiano.edu.br\/unidades\/valenca\/files\/2012\/05\/homologacao-selecao-prof-geo-e-quim.pdf\">aqui<\/a>\u00a0a lista de candidatos.<\/p>\n","protected":false},"excerpt":{"rendered":"<p>A comiss\u00e3o respons\u00e1vel pelo Processo Seletivo Simplificado para contrata\u00e7\u00e3o de professor Substituto nas \u00e1reas de Qu\u00edmica e Geografia para o campus Valen\u00e7a\u00a0 torna p\u00fablica a rela\u00e7\u00e3o de Ficha(s) de Inscri\u00e7\u00e3o(\u00f5es) recebidas via internet a serem validadas no dia 28 de maio de 2012 conforme item 3.2.3. do Edital N\u00ba 86 de 15 de maio de [&hellip;]<\/p>\n","protected":false},"author":6,"featured_media":0,"comment_status":"open","ping_status":"open","sticky":false,"template":"","format":"standard","meta":[],"categories":[5,32],"tags":[],"_links":{"self":[{"href":"https:\/\/www.ifbaiano.edu.br\/unidades\/valenca\/wp-json\/wp\/v2\/posts\/1901"}],"collection":[{"href":"https:\/\/www.ifbaiano.edu.br\/unidades\/valenca\/wp-json\/wp\/v2\/posts"}],"about":[{"href":"https:\/\/www.ifbaiano.edu.br\/unidades\/valenca\/wp-json\/wp\/v2\/types\/post"}],"author":[{"embeddable":true,"href":"https:\/\/www.ifbaiano.edu.br\/unidades\/valenca\/wp-json\/wp\/v2\/users\/6"}],"replies":[{"embeddable":true,"href":"https:\/\/www.ifbaiano.edu.br\/unidades\/valenca\/wp-json\/wp\/v2\/comments?post=1901"}],"version-history":[{"count":8,"href":"https:\/\/www.ifbaiano.edu.br\/unidades\/valenca\/wp-json\/wp\/v2\/posts\/1901\/revisions"}],"predecessor-version":[{"id":1905,"href":"https:\/\/www.ifbaiano.edu.br\/unidades\/valenca\/wp-json\/wp\/v2\/posts\/1901\/revisions\/1905"}],"wp:attachment":[{"href":"https:\/\/www.ifbaiano.edu.br\/unidades\/valenca\/wp-json\/wp\/v2\/media?parent=1901"}],"wp:term":[{"taxonomy":"category","embeddable":true,"href":"https:\/\/www.ifbaiano.edu.br\/unidades\/valenca\/wp-json\/wp\/v2\/categories?post=1901"},{"taxonomy":"post_tag","embeddable":true,"href":"https:\/\/www.ifbaiano.edu.br\/unidades\/valenca\/wp-json\/wp\/v2\/tags?post=1901"}],"curies":[{"name":"wp","href":"https:\/\/api.w.org\/{rel}","templated":true}]}}