{"id":1918,"date":"2012-05-26T12:52:16","date_gmt":"2012-05-26T12:52:16","guid":{"rendered":"http:\/\/www.ifbaiano.edu.br\/unidades\/valenca\/?p=1918"},"modified":"2013-04-02T22:01:10","modified_gmt":"2013-04-02T22:01:10","slug":"if-baiano-realiza-concurso-publico-para-admissao-de-professores","status":"publish","type":"post","link":"https:\/\/www.ifbaiano.edu.br\/unidades\/valenca\/2012\/05\/26\/if-baiano-realiza-concurso-publico-para-admissao-de-professores\/","title":{"rendered":"IF Baiano realiza concurso p\u00fablico para admiss\u00e3o de professores"},"content":{"rendered":"<p>S\u00e3o dispostas 101 vagas para docentes dos C\u00e2mpus do IF Baiano, distribu\u00eddos no estado da Bahia. As inscri\u00e7\u00f5es ser\u00e3o realizadas exclusivamente pela internet, entre <strong>25 de maio e 11 de junho<\/strong>, com taxa de R$ 60,00. Os sal\u00e1rios podem chegar a R$ 6.350,77, proporcionais \u00e0 titula\u00e7\u00e3o acad\u00eamica e ao regime de trabalho do candidato.<\/p>\n<p>&nbsp;<\/p>\n<p>Para se inscrever, o candidato dever\u00e1 acessar os seguintes endere\u00e7os na internet: <a href=\"http:\/\/www.saber.srv.br\/\">www.saber.srv.br<\/a> ou <a href=\"http:\/\/concursos.ifbaiano.edu.br\/\">http:\/\/concursos.ifbaiano.edu.br<\/a>. Na p\u00e1gina eletr\u00f4nica, encontrar\u00e1 um formul\u00e1rio de inscri\u00e7\u00e3o que<em> <\/em>dever\u00e1 ser preenchido e enviado para o sistema <em>on line<\/em>. Na seq\u00fc\u00eancia, \u00e9 gerado um boleto banc\u00e1rio para o candidato imprimir, realizar o pagamento e, assim, confirmar a inscri\u00e7\u00e3o. O interessado que comprovar baixa renda poder\u00e1 pedir isen\u00e7\u00e3o de taxa, entre os dias 25 de maio e 01 de junho, atrav\u00e9s do formul\u00e1rio de inscri\u00e7\u00e3o disposto.<\/p>\n<p>&nbsp;<\/p>\n<p>O Instituto Federal Baiano foi criado em 2008, a partir da integra\u00e7\u00e3o entre as antigas Escolas Agrot\u00e9cnicas Federais (EAF) e Escolas M\u00e9dias de Agropecu\u00e1ria Regional da Ceplac (Emarc), presentes na Bahia. O IF Baiano \u00e9 uma institui\u00e7\u00e3o focada na Educa\u00e7\u00e3o Profissional e Tecnol\u00f3gica de N\u00edvel B\u00e1sico e Superior.<\/p>\n<p>&nbsp;<\/p>\n<p><strong>Para maiores informa\u00e7\u00f5es, confira as regras do <a href=\"http:\/\/www.ifbaiano.edu.br\/unidades\/valenca\/?attachment_id=10378\" rel=\"attachment wp-att-10378\">EDITAL <\/a><br \/>\n<\/strong><\/p>\n<p>&nbsp;<\/p>\n<p style=\"text-align: right\">Fonte: ASCOM\/Reitoria<\/p>\n","protected":false},"excerpt":{"rendered":"<p>S\u00e3o ofertadas 101 vagas.<\/p>\n","protected":false},"author":6,"featured_media":0,"comment_status":"open","ping_status":"open","sticky":false,"template":"","format":"standard","meta":[],"categories":[60],"tags":[],"_links":{"self":[{"href":"https:\/\/www.ifbaiano.edu.br\/unidades\/valenca\/wp-json\/wp\/v2\/posts\/1918"}],"collection":[{"href":"https:\/\/www.ifbaiano.edu.br\/unidades\/valenca\/wp-json\/wp\/v2\/posts"}],"about":[{"href":"https:\/\/www.ifbaiano.edu.br\/unidades\/valenca\/wp-json\/wp\/v2\/types\/post"}],"author":[{"embeddable":true,"href":"https:\/\/www.ifbaiano.edu.br\/unidades\/valenca\/wp-json\/wp\/v2\/users\/6"}],"replies":[{"embeddable":true,"href":"https:\/\/www.ifbaiano.edu.br\/unidades\/valenca\/wp-json\/wp\/v2\/comments?post=1918"}],"version-history":[{"count":12,"href":"https:\/\/www.ifbaiano.edu.br\/unidades\/valenca\/wp-json\/wp\/v2\/posts\/1918\/revisions"}],"predecessor-version":[{"id":2764,"href":"https:\/\/www.ifbaiano.edu.br\/unidades\/valenca\/wp-json\/wp\/v2\/posts\/1918\/revisions\/2764"}],"wp:attachment":[{"href":"https:\/\/www.ifbaiano.edu.br\/unidades\/valenca\/wp-json\/wp\/v2\/media?parent=1918"}],"wp:term":[{"taxonomy":"category","embeddable":true,"href":"https:\/\/www.ifbaiano.edu.br\/unidades\/valenca\/wp-json\/wp\/v2\/categories?post=1918"},{"taxonomy":"post_tag","embeddable":true,"href":"https:\/\/www.ifbaiano.edu.br\/unidades\/valenca\/wp-json\/wp\/v2\/tags?post=1918"}],"curies":[{"name":"wp","href":"https:\/\/api.w.org\/{rel}","templated":true}]}}