{"id":1927,"date":"2012-05-30T20:08:31","date_gmt":"2012-05-30T20:08:31","guid":{"rendered":"http:\/\/www.ifbaiano.edu.br\/unidades\/valenca\/?p=1927"},"modified":"2012-05-30T20:12:00","modified_gmt":"2012-05-30T20:12:00","slug":"as-inscricoes-para-o-enem-2012-ja-estao-abertas","status":"publish","type":"post","link":"https:\/\/www.ifbaiano.edu.br\/unidades\/valenca\/2012\/05\/30\/as-inscricoes-para-o-enem-2012-ja-estao-abertas\/","title":{"rendered":"As inscri\u00e7\u00f5es para o ENEM 2012 j\u00e1 est\u00e3o abertas"},"content":{"rendered":"<p>Os estudantes interessados em fazer o Exame Nacional do Ensino M\u00e9dio (Enem) j\u00e1 podem se inscrever pela internet. O prazo vai at\u00e9 o dia 15 de junho de 2012. A taxa custa R$ 35.<\/p>\n<p>Para se inscrever acesse <a href=\"http:\/\/sistemasenem2.inep.gov.br\/inscricao\/\">aqui<\/a><\/p>\n<p>Para facilitar o processo de inscri\u00e7\u00f5es, o Minist\u00e9rio da Educa\u00e7\u00e3o preparou um guia com instru\u00e7\u00f5es para os candidatos acesse:\u00a0<a href=\"http:\/\/enem.inep.gov.br\">http:\/\/enem.inep.gov.br<\/a><\/p>\n","protected":false},"excerpt":{"rendered":"<p>Os estudantes interessados em fazer o Exame Nacional do Ensino M\u00e9dio (Enem) j\u00e1 podem se inscrever pela internet. O prazo vai at\u00e9 o dia 15 de junho de 2012. A taxa custa R$ 35. Para se inscrever acesse aqui Para facilitar o processo de inscri\u00e7\u00f5es, o Minist\u00e9rio da Educa\u00e7\u00e3o preparou um guia com instru\u00e7\u00f5es para [&hellip;]<\/p>\n","protected":false},"author":6,"featured_media":0,"comment_status":"open","ping_status":"open","sticky":false,"template":"","format":"standard","meta":[],"categories":[5,48],"tags":[],"_links":{"self":[{"href":"https:\/\/www.ifbaiano.edu.br\/unidades\/valenca\/wp-json\/wp\/v2\/posts\/1927"}],"collection":[{"href":"https:\/\/www.ifbaiano.edu.br\/unidades\/valenca\/wp-json\/wp\/v2\/posts"}],"about":[{"href":"https:\/\/www.ifbaiano.edu.br\/unidades\/valenca\/wp-json\/wp\/v2\/types\/post"}],"author":[{"embeddable":true,"href":"https:\/\/www.ifbaiano.edu.br\/unidades\/valenca\/wp-json\/wp\/v2\/users\/6"}],"replies":[{"embeddable":true,"href":"https:\/\/www.ifbaiano.edu.br\/unidades\/valenca\/wp-json\/wp\/v2\/comments?post=1927"}],"version-history":[{"count":6,"href":"https:\/\/www.ifbaiano.edu.br\/unidades\/valenca\/wp-json\/wp\/v2\/posts\/1927\/revisions"}],"predecessor-version":[{"id":1933,"href":"https:\/\/www.ifbaiano.edu.br\/unidades\/valenca\/wp-json\/wp\/v2\/posts\/1927\/revisions\/1933"}],"wp:attachment":[{"href":"https:\/\/www.ifbaiano.edu.br\/unidades\/valenca\/wp-json\/wp\/v2\/media?parent=1927"}],"wp:term":[{"taxonomy":"category","embeddable":true,"href":"https:\/\/www.ifbaiano.edu.br\/unidades\/valenca\/wp-json\/wp\/v2\/categories?post=1927"},{"taxonomy":"post_tag","embeddable":true,"href":"https:\/\/www.ifbaiano.edu.br\/unidades\/valenca\/wp-json\/wp\/v2\/tags?post=1927"}],"curies":[{"name":"wp","href":"https:\/\/api.w.org\/{rel}","templated":true}]}}