{"id":1942,"date":"2012-05-31T19:04:51","date_gmt":"2012-05-31T19:04:51","guid":{"rendered":"http:\/\/www.ifbaiano.edu.br\/unidades\/valenca\/?p=1942"},"modified":"2013-01-11T12:17:59","modified_gmt":"2013-01-11T12:17:59","slug":"i-feira-das-regioes-brasis-sociedade-e-cultura-no-seculo-xxi","status":"publish","type":"post","link":"https:\/\/www.ifbaiano.edu.br\/unidades\/valenca\/2012\/05\/31\/i-feira-das-regioes-brasis-sociedade-e-cultura-no-seculo-xxi\/","title":{"rendered":"I Feira das Regi\u00f5es: Bras\u00eds, Sociedade e Cultura no s\u00e9culo XXI"},"content":{"rendered":"<p>O Evento acontecer\u00e1 na manh\u00e3 do dia 09 de junho de 2012 nas instala\u00e7\u00f5es do Campus e tem como tema \u201cBRAS\u00cdS, SOCIEDADE E CULTURA NO S\u00c9CULO XXI\u201d.<\/p>\n<p>I\u00a0 <em>FEIRA DAS REGI\u00d5ES do campus <\/em>\u00a0ser\u00e1 promovida pelos alunos do II ano Integrado dos cursos de Agropecu\u00e1ria e Agroecologia, sob coordena\u00e7\u00e3o do professor de Geografia, Anderson Epifania.<\/p>\n<p>&nbsp;<\/p>\n<p><a href=\"http:\/\/www.ifbaiano.edu.br\/unidades\/valenca\/files\/2012\/05\/feira.png\"><img decoding=\"async\" loading=\"lazy\" class=\"aligncenter size-medium wp-image-1944\" src=\"http:\/\/www.ifbaiano.edu.br\/unidades\/valenca\/files\/2012\/05\/feira-211x300.png\" alt=\"\" width=\"211\" height=\"300\" srcset=\"https:\/\/www.ifbaiano.edu.br\/unidades\/valenca\/files\/2012\/05\/feira-211x300.png 211w, https:\/\/www.ifbaiano.edu.br\/unidades\/valenca\/files\/2012\/05\/feira-400x567.png 400w, https:\/\/www.ifbaiano.edu.br\/unidades\/valenca\/files\/2012\/05\/feira.png 420w\" sizes=\"(max-width: 211px) 100vw, 211px\" \/><\/a><\/p>\n<p>&nbsp;<\/p>\n","protected":false},"excerpt":{"rendered":"<p>O Evento acontecer\u00e1 na manh\u00e3 do dia 09 de junho de 2012 nas instala\u00e7\u00f5es do Campus e tem como tema \u201cBRAS\u00cdS, SOCIEDADE E CULTURA NO S\u00c9CULO XXI\u201d. I\u00a0 FEIRA DAS REGI\u00d5ES do campus \u00a0ser\u00e1 promovida pelos alunos do II ano Integrado dos cursos de Agropecu\u00e1ria e Agroecologia, sob coordena\u00e7\u00e3o do professor de Geografia, Anderson Epifania. [&hellip;]<\/p>\n","protected":false},"author":6,"featured_media":0,"comment_status":"open","ping_status":"open","sticky":false,"template":"","format":"standard","meta":[],"categories":[34],"tags":[],"_links":{"self":[{"href":"https:\/\/www.ifbaiano.edu.br\/unidades\/valenca\/wp-json\/wp\/v2\/posts\/1942"}],"collection":[{"href":"https:\/\/www.ifbaiano.edu.br\/unidades\/valenca\/wp-json\/wp\/v2\/posts"}],"about":[{"href":"https:\/\/www.ifbaiano.edu.br\/unidades\/valenca\/wp-json\/wp\/v2\/types\/post"}],"author":[{"embeddable":true,"href":"https:\/\/www.ifbaiano.edu.br\/unidades\/valenca\/wp-json\/wp\/v2\/users\/6"}],"replies":[{"embeddable":true,"href":"https:\/\/www.ifbaiano.edu.br\/unidades\/valenca\/wp-json\/wp\/v2\/comments?post=1942"}],"version-history":[{"count":7,"href":"https:\/\/www.ifbaiano.edu.br\/unidades\/valenca\/wp-json\/wp\/v2\/posts\/1942\/revisions"}],"predecessor-version":[{"id":1954,"href":"https:\/\/www.ifbaiano.edu.br\/unidades\/valenca\/wp-json\/wp\/v2\/posts\/1942\/revisions\/1954"}],"wp:attachment":[{"href":"https:\/\/www.ifbaiano.edu.br\/unidades\/valenca\/wp-json\/wp\/v2\/media?parent=1942"}],"wp:term":[{"taxonomy":"category","embeddable":true,"href":"https:\/\/www.ifbaiano.edu.br\/unidades\/valenca\/wp-json\/wp\/v2\/categories?post=1942"},{"taxonomy":"post_tag","embeddable":true,"href":"https:\/\/www.ifbaiano.edu.br\/unidades\/valenca\/wp-json\/wp\/v2\/tags?post=1942"}],"curies":[{"name":"wp","href":"https:\/\/api.w.org\/{rel}","templated":true}]}}