{"id":1973,"date":"2012-06-04T11:39:43","date_gmt":"2012-06-04T11:39:43","guid":{"rendered":"http:\/\/www.ifbaiano.edu.br\/unidades\/valenca\/?p=1973"},"modified":"2012-06-04T11:39:43","modified_gmt":"2012-06-04T11:39:43","slug":"estao-abertas-as-inscricoes-para-a-4%c2%aa-olimpiada-nacional-em-historia-do-brasil","status":"publish","type":"post","link":"https:\/\/www.ifbaiano.edu.br\/unidades\/valenca\/2012\/06\/04\/estao-abertas-as-inscricoes-para-a-4%c2%aa-olimpiada-nacional-em-historia-do-brasil\/","title":{"rendered":"Est\u00e3o abertas as inscri\u00e7\u00f5es para a  4\u00aa Olimp\u00edada Nacional em Hist\u00f3ria do Brasil"},"content":{"rendered":"<p>O Museu Explorat\u00f3rio de Ci\u00eancias \u2013 Unicamp convoca estudantes e professores de todo o pa\u00eds a participarem da 4\u00aa Olimp\u00edada Nacional em Hist\u00f3ria do Brasil. As inscri\u00e7\u00f5es est\u00e3o abertas e podem ser realizadas pelo\u00a0<a href=\"http:\/\/www.mc.unicamp.br\/4-olimpiada\/inicio\/index\" target=\"_blank\">site<\/a>\u00a0at\u00e9 dia 10 de agosto.<\/p>\n<div>\n<p>A Olimp\u00edada Nacional em Hist\u00f3ria do Brasil \u00e9 uma iniciativa \u00fanica na \u00e1rea de ci\u00eancias humanas em todo o Brasil. Em 2011, a Olimp\u00edada contou com mais de 65 mil inscritos, com representantes de todos os estados do territ\u00f3rio nacional.<\/p>\n<p>Composta por cinco fases online e uma presencial, a competi\u00e7\u00e3o envolve professores de hist\u00f3ria e alunos do oitavo e nono anos do Ensino Fundamental e das s\u00e9ries do Ensino M\u00e9dio em um trabalho coletivo de estudar n\u00e3o apenas o conte\u00fado das quest\u00f5es propostas, mas de desenvolver um olhar cr\u00edtico para a hist\u00f3ria. Dessa forma, \u00e9 valorizado o processo de aprendizagem e constru\u00e7\u00e3o do conhecimento. O contato direto com documentos hist\u00f3ricos permite aos participantes trabalharem como historiadores, \u00e0 medida que processam as informa\u00e7\u00f5es exigidas nas respostas das quest\u00f5es em cada fase.<\/p>\n<p>Este ano, a primeira fase ter\u00e1 in\u00edcio em 20 de agosto e a fase final presencial acontecer\u00e1 nos dias 20 e 21 de outubro, na Universidade Estadual de Campinas.<\/p>\n<p>O Museu Explorat\u00f3rio de Ci\u00eancias custear\u00e1 as passagens de avi\u00e3o de 37 equipes para participarem da final, selecionadas de acordo com sua pontua\u00e7\u00e3o nas fases online. Ser\u00e3o selecionadas: para cada estado da federa\u00e7\u00e3o, a equipe com maior pontua\u00e7\u00e3o; a equipe de escola p\u00fablica com maior pontua\u00e7\u00e3o em cada uma das cinco regi\u00f5es do pa\u00eds (norte, nordeste, sudeste, sul e centro-oeste) e as cinco equipes de escola p\u00fablica com maior pontua\u00e7\u00e3o, independente da regi\u00e3o.<\/p>\n<p>Os professores respons\u00e1veis por essas equipes ser\u00e3o convidados a permanecer na Unicamp para realizar um curso de capacita\u00e7\u00e3o de uma semana, com custos de hospedagem cobertos tamb\u00e9m pelo Museu, ap\u00f3s a final da Olimp\u00edada.<\/p>\n<p>A Olimp\u00edada premiar\u00e1 escolas, alunos e professores, com 60 medalhas de ouro, 100 de prata e 140 de bronze, al\u00e9m de certificados de participa\u00e7\u00e3o para todos os inscritos e todas as escolas participantes.\n<\/p><\/div>\n<div>\n<div>\u00a0\u00a0<img alt=\"\" \/><\/div>\n<\/div>\n<p>&nbsp;<\/p>\n","protected":false},"excerpt":{"rendered":"<p>O Museu Explorat\u00f3rio de Ci\u00eancias \u2013 Unicamp convoca estudantes e professores de todo o pa\u00eds a participarem da 4\u00aa Olimp\u00edada Nacional em Hist\u00f3ria do Brasil. As inscri\u00e7\u00f5es est\u00e3o abertas e podem ser realizadas pelo\u00a0site\u00a0at\u00e9 dia 10 de agosto. A Olimp\u00edada Nacional em Hist\u00f3ria do Brasil \u00e9 uma iniciativa \u00fanica na \u00e1rea de ci\u00eancias humanas em [&hellip;]<\/p>\n","protected":false},"author":6,"featured_media":0,"comment_status":"open","ping_status":"open","sticky":false,"template":"","format":"standard","meta":[],"categories":[25],"tags":[],"_links":{"self":[{"href":"https:\/\/www.ifbaiano.edu.br\/unidades\/valenca\/wp-json\/wp\/v2\/posts\/1973"}],"collection":[{"href":"https:\/\/www.ifbaiano.edu.br\/unidades\/valenca\/wp-json\/wp\/v2\/posts"}],"about":[{"href":"https:\/\/www.ifbaiano.edu.br\/unidades\/valenca\/wp-json\/wp\/v2\/types\/post"}],"author":[{"embeddable":true,"href":"https:\/\/www.ifbaiano.edu.br\/unidades\/valenca\/wp-json\/wp\/v2\/users\/6"}],"replies":[{"embeddable":true,"href":"https:\/\/www.ifbaiano.edu.br\/unidades\/valenca\/wp-json\/wp\/v2\/comments?post=1973"}],"version-history":[{"count":6,"href":"https:\/\/www.ifbaiano.edu.br\/unidades\/valenca\/wp-json\/wp\/v2\/posts\/1973\/revisions"}],"predecessor-version":[{"id":1979,"href":"https:\/\/www.ifbaiano.edu.br\/unidades\/valenca\/wp-json\/wp\/v2\/posts\/1973\/revisions\/1979"}],"wp:attachment":[{"href":"https:\/\/www.ifbaiano.edu.br\/unidades\/valenca\/wp-json\/wp\/v2\/media?parent=1973"}],"wp:term":[{"taxonomy":"category","embeddable":true,"href":"https:\/\/www.ifbaiano.edu.br\/unidades\/valenca\/wp-json\/wp\/v2\/categories?post=1973"},{"taxonomy":"post_tag","embeddable":true,"href":"https:\/\/www.ifbaiano.edu.br\/unidades\/valenca\/wp-json\/wp\/v2\/tags?post=1973"}],"curies":[{"name":"wp","href":"https:\/\/api.w.org\/{rel}","templated":true}]}}