{"id":1980,"date":"2012-06-04T14:26:39","date_gmt":"2012-06-04T14:26:39","guid":{"rendered":"http:\/\/www.ifbaiano.edu.br\/unidades\/valenca\/?p=1980"},"modified":"2012-06-06T12:01:32","modified_gmt":"2012-06-06T12:01:32","slug":"resultado-preliminar-do-processo-seletivo-para-professor-temporario-de-geografia-e-quimica","status":"publish","type":"post","link":"https:\/\/www.ifbaiano.edu.br\/unidades\/valenca\/2012\/06\/04\/resultado-preliminar-do-processo-seletivo-para-professor-temporario-de-geografia-e-quimica\/","title":{"rendered":"Resultado preliminar do processo seletivo para professor tempor\u00e1rio de geografia e qu\u00edmica"},"content":{"rendered":"<p>Conforme Edital n\u00ba 86 de 15 de maio de 2012, caber\u00e1 recurso contra a Prova de Desempenho Did\u00e1tico (itens4.2.16. e 4.2.17. do Edital) e contra a Prova de T\u00edtulos (itens 4.3.5.; 4.3.6. e 4.3.7.) que dever\u00e1 ser encaminhado \u00e0 Comiss\u00e3o do Processo Seletivo no prazo, improrrog\u00e1vel, de at\u00e9\u00a0<strong>24 (vinte e quatro) horas<\/strong>\u00a0da publica\u00e7\u00e3o do resultado no s\u00edtio\u00a0<a href=\"http:\/\/www.ifbaiano.edu.br\/\" target=\"_blank\">www.ifbaiano.edu.br<\/a>\u00a0ou\u00a0<a href=\"http:\/\/www.ifbaiano.edu.br\/unidades\/valenca\" target=\"_blank\">www.ifbaiano.edu.br\/unidades\/valenca<\/a>. Informamos que a divulga\u00e7\u00e3o do resultado se deu \u00e0s 11h30min do dia 04 de maio de 2012.<a href=\"http:\/\/www.ifbaiano.edu.br\/unidades\/valenca\/files\/2012\/06\/RESULTADO-PRELIMINAR.pdf\">RESULTADO PRELIMINAR<\/a><\/p>\n","protected":false},"excerpt":{"rendered":"<p>Conforme Edital n\u00ba 86 de 15 de maio de 2012, caber\u00e1 recurso contra a Prova de Desempenho Did\u00e1tico (itens4.2.16. e 4.2.17. do Edital) e contra a Prova de T\u00edtulos (itens 4.3.5.; 4.3.6. e 4.3.7.) que dever\u00e1 ser encaminhado \u00e0 Comiss\u00e3o do Processo Seletivo no prazo, improrrog\u00e1vel, de at\u00e9\u00a024 (vinte e quatro) horas\u00a0da publica\u00e7\u00e3o do resultado [&hellip;]<\/p>\n","protected":false},"author":6,"featured_media":0,"comment_status":"open","ping_status":"open","sticky":false,"template":"","format":"standard","meta":[],"categories":[5,9,1],"tags":[],"_links":{"self":[{"href":"https:\/\/www.ifbaiano.edu.br\/unidades\/valenca\/wp-json\/wp\/v2\/posts\/1980"}],"collection":[{"href":"https:\/\/www.ifbaiano.edu.br\/unidades\/valenca\/wp-json\/wp\/v2\/posts"}],"about":[{"href":"https:\/\/www.ifbaiano.edu.br\/unidades\/valenca\/wp-json\/wp\/v2\/types\/post"}],"author":[{"embeddable":true,"href":"https:\/\/www.ifbaiano.edu.br\/unidades\/valenca\/wp-json\/wp\/v2\/users\/6"}],"replies":[{"embeddable":true,"href":"https:\/\/www.ifbaiano.edu.br\/unidades\/valenca\/wp-json\/wp\/v2\/comments?post=1980"}],"version-history":[{"count":5,"href":"https:\/\/www.ifbaiano.edu.br\/unidades\/valenca\/wp-json\/wp\/v2\/posts\/1980\/revisions"}],"predecessor-version":[{"id":1984,"href":"https:\/\/www.ifbaiano.edu.br\/unidades\/valenca\/wp-json\/wp\/v2\/posts\/1980\/revisions\/1984"}],"wp:attachment":[{"href":"https:\/\/www.ifbaiano.edu.br\/unidades\/valenca\/wp-json\/wp\/v2\/media?parent=1980"}],"wp:term":[{"taxonomy":"category","embeddable":true,"href":"https:\/\/www.ifbaiano.edu.br\/unidades\/valenca\/wp-json\/wp\/v2\/categories?post=1980"},{"taxonomy":"post_tag","embeddable":true,"href":"https:\/\/www.ifbaiano.edu.br\/unidades\/valenca\/wp-json\/wp\/v2\/tags?post=1980"}],"curies":[{"name":"wp","href":"https:\/\/api.w.org\/{rel}","templated":true}]}}