{"id":2063,"date":"2012-06-19T01:46:06","date_gmt":"2012-06-19T01:46:06","guid":{"rendered":"http:\/\/www.ifbaiano.edu.br\/unidades\/valenca\/?p=2063"},"modified":"2012-06-19T01:46:06","modified_gmt":"2012-06-19T01:46:06","slug":"professor-do-campus-de-valenca-apresentara-mini-curso-em-simposio-no-estado-de-sergipe","status":"publish","type":"post","link":"https:\/\/www.ifbaiano.edu.br\/unidades\/valenca\/2012\/06\/19\/professor-do-campus-de-valenca-apresentara-mini-curso-em-simposio-no-estado-de-sergipe\/","title":{"rendered":"Professor do campus de Valen\u00e7a apresentar\u00e1 Mini-Curso em Simp\u00f3sio no Estado de Sergipe"},"content":{"rendered":"<p style=\"text-align: justify\" align=\"center\">O Professor Giovanni Gomes Lessa do <em>Campus <\/em>de Valen\u00e7a, e atual Diretor do <em>Campus<\/em>, ministrar\u00e1 no I Simp\u00f3sio de Educa\u00e7\u00e3o Qu\u00edmica de Sergipe um \u00a0Mini-Curso intitulado: <strong>Um contexto sobre a forma\u00e7\u00e3o dos professores de Qu\u00edmica: das ra\u00edzes \u00e0 atualidade<\/strong>, nos dias 18, 19 e 20 de junho.<\/p>\n<p>Para maiores informa\u00e7\u00f5es quanto ao congresso, favor entrar no site: <a href=\"http:\/\/www.piodecimo.com.br\" target=\"_blank\">www.piodecimo.com.br<\/a>.<\/p>\n<p>O referido professor j\u00e1 ministrara tamb\u00e9m este mini-curso entre os dias 31 de janeiro a 03 de fevereiro, na Universidade Federal de Sergipe, na VIII Escola de Ver\u00e3o de Qu\u00edmica. No ano passado (2011) no m\u00eas de outubro, participou do SIENQ, no <em>Campus<\/em> de Guanambi, onde foi palestrante na \u00e1rea de ensino de Qu\u00edmica postando um artigo na \u00e1rea de educa\u00e7\u00e3o ambiental e divulgando o Instituto Federal Baiano na \u00e1rea de Qu\u00edmica.<\/p>\n","protected":false},"excerpt":{"rendered":"<p>O Professor Giovanni Gomes Lessa do Campus de Valen\u00e7a, e atual Diretor do Campus, ministrar\u00e1 no I Simp\u00f3sio de Educa\u00e7\u00e3o Qu\u00edmica de Sergipe um \u00a0Mini-Curso intitulado: Um contexto sobre a forma\u00e7\u00e3o dos professores de Qu\u00edmica: das ra\u00edzes \u00e0 atualidade, nos dias 18, 19 e 20 de junho. Para maiores informa\u00e7\u00f5es quanto ao congresso, favor entrar [&hellip;]<\/p>\n","protected":false},"author":6,"featured_media":0,"comment_status":"open","ping_status":"open","sticky":false,"template":"","format":"standard","meta":[],"categories":[5],"tags":[],"_links":{"self":[{"href":"https:\/\/www.ifbaiano.edu.br\/unidades\/valenca\/wp-json\/wp\/v2\/posts\/2063"}],"collection":[{"href":"https:\/\/www.ifbaiano.edu.br\/unidades\/valenca\/wp-json\/wp\/v2\/posts"}],"about":[{"href":"https:\/\/www.ifbaiano.edu.br\/unidades\/valenca\/wp-json\/wp\/v2\/types\/post"}],"author":[{"embeddable":true,"href":"https:\/\/www.ifbaiano.edu.br\/unidades\/valenca\/wp-json\/wp\/v2\/users\/6"}],"replies":[{"embeddable":true,"href":"https:\/\/www.ifbaiano.edu.br\/unidades\/valenca\/wp-json\/wp\/v2\/comments?post=2063"}],"version-history":[{"count":5,"href":"https:\/\/www.ifbaiano.edu.br\/unidades\/valenca\/wp-json\/wp\/v2\/posts\/2063\/revisions"}],"predecessor-version":[{"id":2068,"href":"https:\/\/www.ifbaiano.edu.br\/unidades\/valenca\/wp-json\/wp\/v2\/posts\/2063\/revisions\/2068"}],"wp:attachment":[{"href":"https:\/\/www.ifbaiano.edu.br\/unidades\/valenca\/wp-json\/wp\/v2\/media?parent=2063"}],"wp:term":[{"taxonomy":"category","embeddable":true,"href":"https:\/\/www.ifbaiano.edu.br\/unidades\/valenca\/wp-json\/wp\/v2\/categories?post=2063"},{"taxonomy":"post_tag","embeddable":true,"href":"https:\/\/www.ifbaiano.edu.br\/unidades\/valenca\/wp-json\/wp\/v2\/tags?post=2063"}],"curies":[{"name":"wp","href":"https:\/\/api.w.org\/{rel}","templated":true}]}}