{"id":2072,"date":"2012-07-10T17:53:39","date_gmt":"2012-07-10T17:53:39","guid":{"rendered":"http:\/\/www.ifbaiano.edu.br\/unidades\/valenca\/?p=2072"},"modified":"2012-07-18T19:16:45","modified_gmt":"2012-07-18T19:16:45","slug":"confraternizacao-junina-dos-servidores-do-ifbaiano-campus-de-valenca","status":"publish","type":"post","link":"https:\/\/www.ifbaiano.edu.br\/unidades\/valenca\/2012\/07\/10\/confraternizacao-junina-dos-servidores-do-ifbaiano-campus-de-valenca\/","title":{"rendered":"Confraterniza\u00e7\u00e3o Junina dos Servidores do IF Baiano campus de Valen\u00e7a"},"content":{"rendered":"\n<p>No \u00faltimo dia 16, ocorrera no IFBaiano <em>campus<\/em> de Valen\u00e7a a confraterniza\u00e7\u00e3o Junina, tendo a participa\u00e7\u00e3o dos servidores e dos terceirizados em um momento de muita alegria e descontra\u00e7\u00e3o. Houve comidas t\u00edpicas como bolo de milho, bolo de aipim ou macaxeira, amendoim, milho cozido, quent\u00e3o, licor, e um delicioso churrasco, com presen\u00e7a claro de m\u00fasica ao vivo para que ocorresse a quadrilha junina e muito arrasta p\u00e9 e n\u00e3o faltou claro a fogueira, s\u00edmbolo do S\u00e3o Jo\u00e3o.<\/p>\n<p>Os presentes se divertiram e puderam saborear as delicias juninas na festa junto com seus amigos, colegas de trabalho e familiares.<\/p>\n<p>Ano que vem tem muito mais.<\/p>\n","protected":false},"excerpt":{"rendered":"<p>No \u00faltimo dia 16, ocorrera no IFBaiano campus de Valen\u00e7a a confraterniza\u00e7\u00e3o Junina, tendo a participa\u00e7\u00e3o dos servidores e dos terceirizados em um momento de muita alegria e descontra\u00e7\u00e3o. Houve comidas t\u00edpicas como bolo de milho, bolo de aipim ou macaxeira, amendoim, milho cozido, quent\u00e3o, licor, e um delicioso churrasco, com presen\u00e7a claro de m\u00fasica [&hellip;]<\/p>\n","protected":false},"author":34,"featured_media":0,"comment_status":"open","ping_status":"open","sticky":false,"template":"","format":"standard","meta":[],"categories":[5,1],"tags":[],"_links":{"self":[{"href":"https:\/\/www.ifbaiano.edu.br\/unidades\/valenca\/wp-json\/wp\/v2\/posts\/2072"}],"collection":[{"href":"https:\/\/www.ifbaiano.edu.br\/unidades\/valenca\/wp-json\/wp\/v2\/posts"}],"about":[{"href":"https:\/\/www.ifbaiano.edu.br\/unidades\/valenca\/wp-json\/wp\/v2\/types\/post"}],"author":[{"embeddable":true,"href":"https:\/\/www.ifbaiano.edu.br\/unidades\/valenca\/wp-json\/wp\/v2\/users\/34"}],"replies":[{"embeddable":true,"href":"https:\/\/www.ifbaiano.edu.br\/unidades\/valenca\/wp-json\/wp\/v2\/comments?post=2072"}],"version-history":[{"count":6,"href":"https:\/\/www.ifbaiano.edu.br\/unidades\/valenca\/wp-json\/wp\/v2\/posts\/2072\/revisions"}],"predecessor-version":[{"id":2081,"href":"https:\/\/www.ifbaiano.edu.br\/unidades\/valenca\/wp-json\/wp\/v2\/posts\/2072\/revisions\/2081"}],"wp:attachment":[{"href":"https:\/\/www.ifbaiano.edu.br\/unidades\/valenca\/wp-json\/wp\/v2\/media?parent=2072"}],"wp:term":[{"taxonomy":"category","embeddable":true,"href":"https:\/\/www.ifbaiano.edu.br\/unidades\/valenca\/wp-json\/wp\/v2\/categories?post=2072"},{"taxonomy":"post_tag","embeddable":true,"href":"https:\/\/www.ifbaiano.edu.br\/unidades\/valenca\/wp-json\/wp\/v2\/tags?post=2072"}],"curies":[{"name":"wp","href":"https:\/\/api.w.org\/{rel}","templated":true}]}}