{"id":2083,"date":"2012-07-26T14:22:41","date_gmt":"2012-07-26T14:22:41","guid":{"rendered":"http:\/\/www.ifbaiano.edu.br\/unidades\/valenca\/?p=2083"},"modified":"2012-07-26T14:22:41","modified_gmt":"2012-07-26T14:22:41","slug":"reforma-no-campus-de-valenca","status":"publish","type":"post","link":"https:\/\/www.ifbaiano.edu.br\/unidades\/valenca\/2012\/07\/26\/reforma-no-campus-de-valenca\/","title":{"rendered":"REFORMA NO CAMPUS DE VALEN\u00c7A"},"content":{"rendered":"<div id=\"attachment_2095\" style=\"width: 310px\" class=\"wp-caption aligncenter\"><a href=\"http:\/\/www.ifbaiano.edu.br\/unidades\/valenca\/files\/2012\/07\/DSC00375.jpg\"><img aria-describedby=\"caption-attachment-2095\" decoding=\"async\" loading=\"lazy\" src=\"http:\/\/www.ifbaiano.edu.br\/unidades\/valenca\/files\/2012\/07\/DSC00375-300x225.jpg\" alt=\"\" width=\"300\" height=\"225\" class=\"size-medium wp-image-2095\" srcset=\"https:\/\/www.ifbaiano.edu.br\/unidades\/valenca\/files\/2012\/07\/DSC00375-300x225.jpg 300w, https:\/\/www.ifbaiano.edu.br\/unidades\/valenca\/files\/2012\/07\/DSC00375-400x300.jpg 400w, https:\/\/www.ifbaiano.edu.br\/unidades\/valenca\/files\/2012\/07\/DSC00375.jpg 640w\" sizes=\"(max-width: 300px) 100vw, 300px\" \/><\/a><p id=\"caption-attachment-2095\" class=\"wp-caption-text\">Campus Valen\u00e7a<\/p><\/div>\n<p>No \u00faltimo dia 17 de julho o campus Valen\u00e7a iniciou suas reformas.<br \/>\n&#8220;&#8230; para que possam ser dados mais qualidade e conforto ao desenvolvimento das atividades pedag\u00f3gicas e administrativas do campus, e poder \u00e9 claro desempenhar cada vez mais, bons servi\u00e7os aos nossos alunos.&#8221; Informa o Diretor Geral Giovanni Lessa.<\/p>\n<p>Os setores que est\u00e3o sendo reformados s\u00e3o:<br \/>\n1-Sala dos professores;<br \/>\n2-Banheiros e vesti\u00e1rios dos alunos e servidores;<br \/>\n3-Garagem ( reforma e amplia\u00e7\u00e3o para se guardar \u00f4nibus e caminh\u00f5es);<br \/>\n4-Constru\u00e7\u00e3o de um novo e amplo  almoxarifado, ficando o antigo como sala-de-aula, como sempre deveria ter sido;<br \/>\n5-Reforma da quadra poliesportiva;<br \/>\n6-Substitui\u00e7\u00e3o do teto da biblioteca;<br \/>\n7-Constru\u00e7\u00e3o de um dique para lavagem dos ve\u00edculos oficiais do campus.<\/p>\n<p>O Diretor Geral comunica ainda que todas essas reforma foram licitadas no valor de R$ 360.000,00, onde ser\u00e1 montada uma comiss\u00e3o de acompanhamento da obra, para participar e contribuir com o desenvolvimento do campus.<\/p>\n","protected":false},"excerpt":{"rendered":"<p>No \u00faltimo dia 17 de julho o campus Valen\u00e7a iniciou suas reformas. &#8220;&#8230; para que possam ser dados mais qualidade e conforto ao desenvolvimento das atividades pedag\u00f3gicas e administrativas do campus, e poder \u00e9 claro desempenhar cada vez mais, bons servi\u00e7os aos nossos alunos.&#8221; Informa o Diretor Geral Giovanni Lessa. Os setores que est\u00e3o sendo [&hellip;]<\/p>\n","protected":false},"author":34,"featured_media":2095,"comment_status":"open","ping_status":"open","sticky":false,"template":"","format":"standard","meta":[],"categories":[5],"tags":[],"_links":{"self":[{"href":"https:\/\/www.ifbaiano.edu.br\/unidades\/valenca\/wp-json\/wp\/v2\/posts\/2083"}],"collection":[{"href":"https:\/\/www.ifbaiano.edu.br\/unidades\/valenca\/wp-json\/wp\/v2\/posts"}],"about":[{"href":"https:\/\/www.ifbaiano.edu.br\/unidades\/valenca\/wp-json\/wp\/v2\/types\/post"}],"author":[{"embeddable":true,"href":"https:\/\/www.ifbaiano.edu.br\/unidades\/valenca\/wp-json\/wp\/v2\/users\/34"}],"replies":[{"embeddable":true,"href":"https:\/\/www.ifbaiano.edu.br\/unidades\/valenca\/wp-json\/wp\/v2\/comments?post=2083"}],"version-history":[{"count":2,"href":"https:\/\/www.ifbaiano.edu.br\/unidades\/valenca\/wp-json\/wp\/v2\/posts\/2083\/revisions"}],"predecessor-version":[{"id":2096,"href":"https:\/\/www.ifbaiano.edu.br\/unidades\/valenca\/wp-json\/wp\/v2\/posts\/2083\/revisions\/2096"}],"wp:featuredmedia":[{"embeddable":true,"href":"https:\/\/www.ifbaiano.edu.br\/unidades\/valenca\/wp-json\/wp\/v2\/media\/2095"}],"wp:attachment":[{"href":"https:\/\/www.ifbaiano.edu.br\/unidades\/valenca\/wp-json\/wp\/v2\/media?parent=2083"}],"wp:term":[{"taxonomy":"category","embeddable":true,"href":"https:\/\/www.ifbaiano.edu.br\/unidades\/valenca\/wp-json\/wp\/v2\/categories?post=2083"},{"taxonomy":"post_tag","embeddable":true,"href":"https:\/\/www.ifbaiano.edu.br\/unidades\/valenca\/wp-json\/wp\/v2\/tags?post=2083"}],"curies":[{"name":"wp","href":"https:\/\/api.w.org\/{rel}","templated":true}]}}