{"id":2085,"date":"2012-07-26T13:38:30","date_gmt":"2012-07-26T13:38:30","guid":{"rendered":"http:\/\/www.ifbaiano.edu.br\/unidades\/valenca\/?p=2085"},"modified":"2012-07-26T13:43:47","modified_gmt":"2012-07-26T13:43:47","slug":"bolsistas-do-programa-petrobras-urgente","status":"publish","type":"post","link":"https:\/\/www.ifbaiano.edu.br\/unidades\/valenca\/2012\/07\/26\/bolsistas-do-programa-petrobras-urgente\/","title":{"rendered":"URGENTE &#8211; Reuni\u00e3o com Bolsistas do Programa Petrobras Valen\u00e7a"},"content":{"rendered":"<p>A coordenadora do programa da Petrobras vinculado ao IFBaiano, Prof\u00aa. Dr\u00aa. Adailde do Carmo, convoca aos alunos bolsitas do programa Petrobras para nesta quinta-feira (26 de julho), \u00e0s 14:00 hs comparecerem no campus do IFBaiano em Valen\u00e7a para reuni\u00e3o, onde se far\u00e1 presente um dos membros da Comiss\u00e3o Gestora da Reitoria que estar\u00e1 esclarecendo d\u00favidas a respeito do programa.<\/p>\n","protected":false},"excerpt":{"rendered":"<p>A coordenadora do programa da Petrobras vinculado ao IFBaiano, Prof\u00aa. Dr\u00aa. Adailde do Carmo, convoca aos alunos bolsitas do programa Petrobras para nesta quinta-feira (26 de julho), \u00e0s 14:00 hs comparecerem no campus do IFBaiano em Valen\u00e7a para reuni\u00e3o, onde se far\u00e1 presente um dos membros da Comiss\u00e3o Gestora da Reitoria que estar\u00e1 esclarecendo d\u00favidas [&hellip;]<\/p>\n","protected":false},"author":34,"featured_media":0,"comment_status":"open","ping_status":"open","sticky":false,"template":"","format":"standard","meta":[],"categories":[5],"tags":[],"_links":{"self":[{"href":"https:\/\/www.ifbaiano.edu.br\/unidades\/valenca\/wp-json\/wp\/v2\/posts\/2085"}],"collection":[{"href":"https:\/\/www.ifbaiano.edu.br\/unidades\/valenca\/wp-json\/wp\/v2\/posts"}],"about":[{"href":"https:\/\/www.ifbaiano.edu.br\/unidades\/valenca\/wp-json\/wp\/v2\/types\/post"}],"author":[{"embeddable":true,"href":"https:\/\/www.ifbaiano.edu.br\/unidades\/valenca\/wp-json\/wp\/v2\/users\/34"}],"replies":[{"embeddable":true,"href":"https:\/\/www.ifbaiano.edu.br\/unidades\/valenca\/wp-json\/wp\/v2\/comments?post=2085"}],"version-history":[{"count":4,"href":"https:\/\/www.ifbaiano.edu.br\/unidades\/valenca\/wp-json\/wp\/v2\/posts\/2085\/revisions"}],"predecessor-version":[{"id":2089,"href":"https:\/\/www.ifbaiano.edu.br\/unidades\/valenca\/wp-json\/wp\/v2\/posts\/2085\/revisions\/2089"}],"wp:attachment":[{"href":"https:\/\/www.ifbaiano.edu.br\/unidades\/valenca\/wp-json\/wp\/v2\/media?parent=2085"}],"wp:term":[{"taxonomy":"category","embeddable":true,"href":"https:\/\/www.ifbaiano.edu.br\/unidades\/valenca\/wp-json\/wp\/v2\/categories?post=2085"},{"taxonomy":"post_tag","embeddable":true,"href":"https:\/\/www.ifbaiano.edu.br\/unidades\/valenca\/wp-json\/wp\/v2\/tags?post=2085"}],"curies":[{"name":"wp","href":"https:\/\/api.w.org\/{rel}","templated":true}]}}