{"id":2097,"date":"2012-07-26T15:00:40","date_gmt":"2012-07-26T15:00:40","guid":{"rendered":"http:\/\/www.ifbaiano.edu.br\/unidades\/valenca\/?p=2097"},"modified":"2013-04-02T22:02:06","modified_gmt":"2013-04-02T22:02:06","slug":"concurso-publico-confira-os-locais-e-horarios-da-prova","status":"publish","type":"post","link":"https:\/\/www.ifbaiano.edu.br\/unidades\/valenca\/2012\/07\/26\/concurso-publico-confira-os-locais-e-horarios-da-prova\/","title":{"rendered":"Concurso P\u00fablico: confira os locais e hor\u00e1rios da prova"},"content":{"rendered":"<p style=\"text-align: right\">26\/07\/2012 \u00e0s 11h59<\/p>\n<p>O reitor do Instituto Federal de Educa\u00e7\u00e3o, Ci\u00eancia e Tecnologia Baiano \u2013 IF Baiano torna p\u00fablico os locais de aplica\u00e7\u00e3o da prova escrita dos candidatos ao Concurso P\u00fablico para provimento dos cargos de t\u00e9cnico-administrativos e docentes.<\/p>\n<p>A prova ser\u00e1 realizada no dia <strong>12 de agosto<\/strong> nos munic\u00edpios de Salvador, Santa In\u00eas, Senhor do Bonfim, Teixeira de Freitas, Guanambi e Valen\u00e7a.<\/p>\n<address><strong>Salvador-BA<\/strong>: para os candidatos inscritos para a Reitoria, Governador Mangabeira e Catu;<\/address>\n<address><strong>Santa In\u00eas-BA:<\/strong> para os candidatos inscritos para Santa In\u00eas;<\/address>\n<address><strong>Senhor do Bonfim-BA:<\/strong> para os candidatos inscritos para Senhor do Bonfim;<\/address>\n<address><strong>Teixeira de Freitas-BA<\/strong>: para os candidatos inscritos para Teixeira de Freitas;<\/address>\n<address><strong>Guanambi-BA:<\/strong> para os candidatos inscritos para Guanambi, Itapetinga e Bom Jesus da Lapa;<\/address>\n<address><strong>Valen\u00e7a-BA:<\/strong> para os candidatos inscritos para Valen\u00e7a e Uru\u00e7uca.<\/address>\n<p>&nbsp;<\/p>\n<p><strong>ATEN\u00c7\u00c3O:<\/strong><\/p>\n<ul>\n<li>Para os cargos de t\u00e9cnico em assuntos educacionais,\u00a0<strong>somente\u00a0os\u00a0que concorrem \u00e0s vagas da reitoria,<\/strong> as provas ser\u00e3o realizadas no per\u00edodo da <strong>MANH\u00c3<\/strong>.<\/li>\n<li>\u00a0Para os cargos de Assistente em administra\u00e7\u00e3o,<strong> somente os que concorrem \u00e0s vagas da reitoria, <\/strong>a prova escrita ser\u00e1 realizada no per\u00edodo da <strong>TARDE,<\/strong> no ICEIA \u2013 Instituto Central de Educa\u00e7\u00e3o Isa\u00edas Alves, situado na Pra\u00e7a do Barbalho, s\/n, Barbalho, Salvador,BA.<\/li>\n<li>Os candidatos \u00e0s vagas de docentes, far\u00e3o as provas tamb\u00e9m no per\u00edodo da <strong>MANH\u00c3<\/strong>.<\/li>\n<\/ul>\n<p align=\"LEFT\">(Os port\u00f5es ser\u00e3o abertos \u00e0s <strong>07 horas <\/strong>e fechados, impreterivelmente, \u00e0s 07h45min \u2013 hor\u00e1rio oficial de Bras\u00edlia)<\/p>\n<ul>\n<li>Para os demais cargos de t\u00e9cnico-administrativos,\u00a0 as provas ser\u00e3o realizadas no per\u00edodo da <strong>TARDE<\/strong>.<\/li>\n<\/ul>\n<p>(Os port\u00f5es ser\u00e3o abertos \u00e0s <strong>13h30min <\/strong>e fechados, impreterivelmente, \u00e0s 14h15min \u2013 hor\u00e1rio oficial de Bras\u00edlia)<\/p>\n<p>&nbsp;<\/p>\n<p>Confira os editais de divulga\u00e7\u00e3o e a rela\u00e7\u00e3o nominal dos candidatos:<\/p>\n<p>&nbsp;<\/p>\n<p><strong>T\u00c9CNICO-ADMINISTRATIVOS:<\/strong><\/p>\n<p><a href=\"http:\/\/www.ifbaiano.edu.br\/reitoria\/wp-content\/uploads\/2012\/07\/4053989editalderetificaolocaldeprova.pdf\">Edital de Retifica\u00e7\u00e3o \u2013 Local de prova do cargo de Assistente em Administra\u00e7\u00e3o \u2013 Reitoria<\/a><\/p>\n<p><a href=\"http:\/\/www.ifbaiano.edu.br\/reitoria\/wp-content\/uploads\/2012\/07\/4053988editaldedivulgaolocaisdeprovatcnicoretificado.pdf\" target=\"_blank\">Edital de divulga\u00e7\u00e3o dos Locais de realiza\u00e7\u00e3o da Prova Escrita \u2013 RETIFICADO<\/a><\/p>\n<p><a href=\"http:\/\/www.ifbaiano.edu.br\/reitoria\/wp-content\/uploads\/2012\/07\/4053986iceiaassistenteemadministraoreitoria.pdf\">Ensalamento Salvador TARDE: ASSISTENTE EM ADMINISTRA\u00c7\u00c3O \u2013 Reitoria\u00a0<\/a><\/p>\n<p><a href=\"http:\/\/www.saber.srv.br\/cadastro\/edital\/4053963ufbapavilhodeaulasdafederaovpafvtcnicoemassuntoseducacionais.pdf\" target=\"_blank\">Ensalamento Salvador MANH\u00c3: T\u00c9CNICO EM ASSUNTOS EDUCACIONAIS -Reitoria <\/a><\/p>\n<p><a href=\"http:\/\/www.saber.srv.br\/cadastro\/edital\/4053961ifbaiano.pdf\" target=\"_blank\">Ensalamento Guanambi Tarde: IF Baiano \u2013 Campus Guanambi<\/a><\/p>\n<p><a href=\"http:\/\/www.saber.srv.br\/cadastro\/edital\/4053960ufbapavilhodeaulasdafederaovpafv.pdf\" target=\"_blank\">Ensalamento Salvador Tarde: UFBA \u2013 (PAF \u2013 V)<\/a><\/p>\n<p><a href=\"http:\/\/www.saber.srv.br\/cadastro\/edital\/4053959ufbapavilhodeaulasglauberrochaantigopafiii.pdf\" target=\"_blank\">Ensalamento Salvador Tarde: UFBA \u2013 GLAUBER ROCHA (Antigo PAF III)<\/a><\/p>\n<p><a href=\"http:\/\/www.saber.srv.br\/cadastro\/edital\/4053958priscoviana.pdf\" target=\"_blank\">Ensalamento Santa In\u00eas Tarde: Escola Municipal Prisco Viana<\/a><\/p>\n<p><a href=\"http:\/\/www.saber.srv.br\/cadastro\/edital\/4053956gescalmon.pdf\" target=\"_blank\">Ensalamento Santa In\u00eas Tarde: Escola Municipalizada G\u00f3es Calmon<\/a><\/p>\n<p><a href=\"http:\/\/www.saber.srv.br\/cadastro\/edital\/4053955antoniocarlosmagalhes.pdf\" target=\"_blank\">Ensalamento Santa In\u00eas Tarde: Col\u00e9gio Est. Antonio Carlos Magalh\u00e3es <\/a><\/p>\n<p><a href=\"http:\/\/www.saber.srv.br\/cadastro\/edital\/4053954luseduardomagalhes.pdf\" target=\"_blank\">Ensalamento Senhor do Bonfim Tarde: Col\u00e9gio Lu\u00eds Eduardo Magalh\u00e3es<\/a><\/p>\n<p><a href=\"http:\/\/www.saber.srv.br\/cadastro\/edital\/4053953jliocsarsalvador.pdf\" target=\"_blank\">Ensalamento Senhor do Bonfim Tarde: Col\u00e9gio J\u00falio C\u00e9sar Salvador<\/a><\/p>\n<p><a href=\"http:\/\/www.saber.srv.br\/cadastro\/edital\/4053952ifbaianocampusteixeiradefreitas.pdf\" target=\"_blank\">Ensalamento Teixeira de Freitas Tarde: IF Baiano \u2013 Campus Teixeira de Freitas<\/a><\/p>\n<p><a href=\"http:\/\/www.saber.srv.br\/cadastro\/edital\/4053950ifbaiano.pdf\" target=\"_blank\">Ensalamento Valen\u00e7a Tarde: IF Baiano \u2013 Campus Valen\u00e7a<\/a><\/p>\n<p><a href=\"http:\/\/www.saber.srv.br\/cadastro\/edital\/4053949gentilparasomartins.pdf\" target=\"_blank\">Ensalamento Valen\u00e7a Tarde: Col\u00e9gio Gentil Para\u00edso Martins<\/a><\/p>\n<p>&nbsp;<\/p>\n<p><strong>DOCENTES:<\/strong><\/p>\n<p><a href=\"http:\/\/www.ifbaiano.edu.br\/reitoria\/wp-content\/uploads\/2012\/07\/Edital129.pdf.pdf\">Edital de divulga\u00e7\u00e3o dos Locais de realiza\u00e7\u00e3o da Prova Escrita<\/a><\/p>\n<p><a href=\"http:\/\/www.ifbaiano.edu.br\/reitoria\/wp-content\/uploads\/2012\/07\/guanambi.pdf\" target=\"_blank\">Ensalamento Guanambi MANH\u00c3: IFBaiano \u2013 Campus Guanambi<\/a><\/p>\n<p><a href=\"http:\/\/www.ifbaiano.edu.br\/reitoria\/wp-content\/uploads\/2012\/07\/Ufba_PaF-V.pdf\" target=\"_blank\">Ensalamento Salvador MANH\u00c3: UFBA \u2013 (PAF \u2013 V)<\/a><\/p>\n<p><a href=\"http:\/\/www.ifbaiano.edu.br\/reitoria\/wp-content\/uploads\/2012\/07\/SantaInes.pdf\" target=\"_blank\">Ensalamento Santa In\u00eas MANH\u00c3: Escola Municipal Prisco Viana<\/a><\/p>\n<p><a href=\"http:\/\/www.ifbaiano.edu.br\/reitoria\/wp-content\/uploads\/2012\/07\/Senhor-do-Bonfim.pdf\" target=\"_blank\">Ensalamento Senhor do Bonfim MANH\u00c3: Col\u00e9gio J\u00falio C\u00e9sar Salvador<\/a><\/p>\n<p><a href=\"http:\/\/www.ifbaiano.edu.br\/reitoria\/wp-content\/uploads\/2012\/07\/Teixeira-de-Freitas.pdf\" target=\"_blank\">Ensalamento Teixeira de Freitas MANH\u00c3: IF Baiano \u2013 Campus Teixeira de Freitas<\/a><\/p>\n<p><a href=\"http:\/\/www.ifbaiano.edu.br\/reitoria\/wp-content\/uploads\/2012\/07\/Valenca.pdf\" target=\"_blank\">Ensalamento Valen\u00e7a MANH\u00c3: Col\u00e9gio Gentil Para\u00edso Martins<\/a><\/p>\n<p>&nbsp;<\/p>\n<p>Ascom\/IF Baiano<\/p>\n","protected":false},"excerpt":{"rendered":"<p>A prova ser\u00e1 realizada no dia 12 de agosto. ATEN\u00c7\u00c3O candidatos \u00e0s vagas de assistente em administra\u00e7\u00e3o (Reitoria): a prova ser\u00e1 realizada no per\u00edodo da TARDE. Os demais, confiram aqui. <\/p>\n","protected":false},"author":33,"featured_media":0,"comment_status":"open","ping_status":"open","sticky":false,"template":"","format":"standard","meta":[],"categories":[11,9],"tags":[],"_links":{"self":[{"href":"https:\/\/www.ifbaiano.edu.br\/unidades\/valenca\/wp-json\/wp\/v2\/posts\/2097"}],"collection":[{"href":"https:\/\/www.ifbaiano.edu.br\/unidades\/valenca\/wp-json\/wp\/v2\/posts"}],"about":[{"href":"https:\/\/www.ifbaiano.edu.br\/unidades\/valenca\/wp-json\/wp\/v2\/types\/post"}],"author":[{"embeddable":true,"href":"https:\/\/www.ifbaiano.edu.br\/unidades\/valenca\/wp-json\/wp\/v2\/users\/33"}],"replies":[{"embeddable":true,"href":"https:\/\/www.ifbaiano.edu.br\/unidades\/valenca\/wp-json\/wp\/v2\/comments?post=2097"}],"version-history":[{"count":5,"href":"https:\/\/www.ifbaiano.edu.br\/unidades\/valenca\/wp-json\/wp\/v2\/posts\/2097\/revisions"}],"predecessor-version":[{"id":2766,"href":"https:\/\/www.ifbaiano.edu.br\/unidades\/valenca\/wp-json\/wp\/v2\/posts\/2097\/revisions\/2766"}],"wp:attachment":[{"href":"https:\/\/www.ifbaiano.edu.br\/unidades\/valenca\/wp-json\/wp\/v2\/media?parent=2097"}],"wp:term":[{"taxonomy":"category","embeddable":true,"href":"https:\/\/www.ifbaiano.edu.br\/unidades\/valenca\/wp-json\/wp\/v2\/categories?post=2097"},{"taxonomy":"post_tag","embeddable":true,"href":"https:\/\/www.ifbaiano.edu.br\/unidades\/valenca\/wp-json\/wp\/v2\/tags?post=2097"}],"curies":[{"name":"wp","href":"https:\/\/api.w.org\/{rel}","templated":true}]}}