{"id":2099,"date":"2012-07-30T19:35:08","date_gmt":"2012-07-30T19:35:08","guid":{"rendered":"http:\/\/www.ifbaiano.edu.br\/unidades\/valenca\/?p=2099"},"modified":"2013-04-02T22:02:42","modified_gmt":"2013-04-02T22:02:42","slug":"concurso-publico-alteracao-do-local-e-horario-da-prova-escrita","status":"publish","type":"post","link":"https:\/\/www.ifbaiano.edu.br\/unidades\/valenca\/2012\/07\/30\/concurso-publico-alteracao-do-local-e-horario-da-prova-escrita\/","title":{"rendered":"Concurso P\u00fablico: Altera\u00e7\u00e3o do local e hor\u00e1rio da prova escrita"},"content":{"rendered":"<p style=\"text-align: right\">30\/07\/2012 \u00e0s 16h35<\/p>\n<p>&nbsp;<\/p>\n<p>Conforme Edital de Retifica\u00e7\u00e3o, para o cargo de assistente em administra\u00e7\u00e3o para as vagas da Reitoria, a prova escrita ser\u00e1 realizada no per\u00edodo da <strong>TARDE<\/strong>, no ICEIA \u2013 Instituto Central de Educa\u00e7\u00e3o Isa\u00edas Alves, situado na Pra\u00e7a do Barbalho, s\/n, Barbalho,\u00a0 Salvador \u2013 BA.<\/p>\n<p>Confira o <a href=\"http:\/\/www.ifbaiano.edu.br\/reitoria\/wp-content\/uploads\/2012\/08\/Edital-de-Retificacao.pdf\">Edital de Retifica\u00e7\u00e3o<\/a><\/p>\n<p><a href=\"http:\/\/www.ifbaiano.edu.br\/reitoria\/wp-content\/uploads\/2012\/07\/assistente-em-administracao2.pdf\">Ensalamento Salvador TARDE: ASSISTENTE EM ADMINISTRA\u00c7\u00c3O \u2013 Reitoria<\/a><\/p>\n<p>&nbsp;<\/p>\n<p>Ascom\/ IF Baiano<\/p>\n","protected":false},"excerpt":{"rendered":"<p>Os candidatos \u00e0s vagas de assistente em administra\u00e7\u00e3o (Reitoria) far\u00e3o a prova no turno da TARDE<\/p>\n","protected":false},"author":33,"featured_media":0,"comment_status":"open","ping_status":"open","sticky":false,"template":"","format":"standard","meta":[],"categories":[60,5],"tags":[],"_links":{"self":[{"href":"https:\/\/www.ifbaiano.edu.br\/unidades\/valenca\/wp-json\/wp\/v2\/posts\/2099"}],"collection":[{"href":"https:\/\/www.ifbaiano.edu.br\/unidades\/valenca\/wp-json\/wp\/v2\/posts"}],"about":[{"href":"https:\/\/www.ifbaiano.edu.br\/unidades\/valenca\/wp-json\/wp\/v2\/types\/post"}],"author":[{"embeddable":true,"href":"https:\/\/www.ifbaiano.edu.br\/unidades\/valenca\/wp-json\/wp\/v2\/users\/33"}],"replies":[{"embeddable":true,"href":"https:\/\/www.ifbaiano.edu.br\/unidades\/valenca\/wp-json\/wp\/v2\/comments?post=2099"}],"version-history":[{"count":3,"href":"https:\/\/www.ifbaiano.edu.br\/unidades\/valenca\/wp-json\/wp\/v2\/posts\/2099\/revisions"}],"predecessor-version":[{"id":2767,"href":"https:\/\/www.ifbaiano.edu.br\/unidades\/valenca\/wp-json\/wp\/v2\/posts\/2099\/revisions\/2767"}],"wp:attachment":[{"href":"https:\/\/www.ifbaiano.edu.br\/unidades\/valenca\/wp-json\/wp\/v2\/media?parent=2099"}],"wp:term":[{"taxonomy":"category","embeddable":true,"href":"https:\/\/www.ifbaiano.edu.br\/unidades\/valenca\/wp-json\/wp\/v2\/categories?post=2099"},{"taxonomy":"post_tag","embeddable":true,"href":"https:\/\/www.ifbaiano.edu.br\/unidades\/valenca\/wp-json\/wp\/v2\/tags?post=2099"}],"curies":[{"name":"wp","href":"https:\/\/api.w.org\/{rel}","templated":true}]}}