{"id":2106,"date":"2012-08-13T11:02:44","date_gmt":"2012-08-13T11:02:44","guid":{"rendered":"http:\/\/www.ifbaiano.edu.br\/unidades\/valenca\/?p=2106"},"modified":"2013-04-02T22:02:49","modified_gmt":"2013-04-02T22:02:49","slug":"concurso-publico-divulgado-o-gabarito-preliminar","status":"publish","type":"post","link":"https:\/\/www.ifbaiano.edu.br\/unidades\/valenca\/2012\/08\/13\/concurso-publico-divulgado-o-gabarito-preliminar\/","title":{"rendered":"Concurso P\u00fablico: divulgado o gabarito preliminar"},"content":{"rendered":"<p style=\"text-align: right\">13\/08\/2012 \u00e0s 11h02<\/p>\n<p>&nbsp;<\/p>\n<p>O Instituto Federal Baiano divulga o gabarito preliminar da prova escrita do concurso p\u00fablico para contrata\u00e7\u00e3o de t\u00e9cnico-administrativos e docentes.<\/p>\n<p><strong>Os recursos podem ser interpostos at\u00e9 amanh\u00e3, dia 14\/8\/2012<\/strong>. O recurso dever\u00e1 ser individual, com a indica\u00e7\u00e3o da quest\u00e3o na qual o candidato se julga prejudicado, devidamente fundamentado e comprovando as alega\u00e7\u00f5es. O requerimento deve ser direcionado ao Instituto Saber, em hor\u00e1rio comercial, devendo o requerimento ser preenchido no endere\u00e7o eletr\u00f4nico: <a href=\"http:\/\/www.saber.srv.br\/index.php\">www.saber.srv.br<\/a>, link \u201c<a href=\"http:\/\/www.saber.srv.br\/contato.php\">Contato<\/a>\u201c\u00a0 ou enviado para o e-mail: <a href=\"http:\/\/www.ifbaiano.edu.br\/reitoria\/institutosaber@gmail.com\">institutosaber@gmail.com<\/a>.<\/p>\n<p>O resultado da prova escrita, ap\u00f3s a an\u00e1lise dos recursos, ser\u00e1 divulgado no dia 20 de agosto.<\/p>\n<p>Confira os gabaritos:<\/p>\n<p><a href=\"http:\/\/www.ifbaiano.edu.br\/reitoria\/wp-content\/uploads\/2012\/08\/Gabarito-Tecnico.pdf\">Gabarito Preliminar \u2013 T\u00e9cnico-administrativos<\/a><\/p>\n<p><a href=\"http:\/\/www.ifbaiano.edu.br\/reitoria\/wp-content\/uploads\/2012\/08\/Gabarito-docente.pdf\">Gabarito Preliminar \u2013 Docentes<\/a><\/p>\n<p>&nbsp;<\/p>\n<p>Ascom\/ IF Baiano<\/p>\n","protected":false},"excerpt":{"rendered":"<p>Os recursos podem ser interpostos at\u00e9 o dia 14 de agosto<\/p>\n","protected":false},"author":33,"featured_media":0,"comment_status":"open","ping_status":"open","sticky":false,"template":"","format":"standard","meta":[],"categories":[11,5],"tags":[],"_links":{"self":[{"href":"https:\/\/www.ifbaiano.edu.br\/unidades\/valenca\/wp-json\/wp\/v2\/posts\/2106"}],"collection":[{"href":"https:\/\/www.ifbaiano.edu.br\/unidades\/valenca\/wp-json\/wp\/v2\/posts"}],"about":[{"href":"https:\/\/www.ifbaiano.edu.br\/unidades\/valenca\/wp-json\/wp\/v2\/types\/post"}],"author":[{"embeddable":true,"href":"https:\/\/www.ifbaiano.edu.br\/unidades\/valenca\/wp-json\/wp\/v2\/users\/33"}],"replies":[{"embeddable":true,"href":"https:\/\/www.ifbaiano.edu.br\/unidades\/valenca\/wp-json\/wp\/v2\/comments?post=2106"}],"version-history":[{"count":3,"href":"https:\/\/www.ifbaiano.edu.br\/unidades\/valenca\/wp-json\/wp\/v2\/posts\/2106\/revisions"}],"predecessor-version":[{"id":2768,"href":"https:\/\/www.ifbaiano.edu.br\/unidades\/valenca\/wp-json\/wp\/v2\/posts\/2106\/revisions\/2768"}],"wp:attachment":[{"href":"https:\/\/www.ifbaiano.edu.br\/unidades\/valenca\/wp-json\/wp\/v2\/media?parent=2106"}],"wp:term":[{"taxonomy":"category","embeddable":true,"href":"https:\/\/www.ifbaiano.edu.br\/unidades\/valenca\/wp-json\/wp\/v2\/categories?post=2106"},{"taxonomy":"post_tag","embeddable":true,"href":"https:\/\/www.ifbaiano.edu.br\/unidades\/valenca\/wp-json\/wp\/v2\/tags?post=2106"}],"curies":[{"name":"wp","href":"https:\/\/api.w.org\/{rel}","templated":true}]}}