{"id":2109,"date":"2012-08-20T15:27:57","date_gmt":"2012-08-20T15:27:57","guid":{"rendered":"http:\/\/www.ifbaiano.edu.br\/unidades\/valenca\/?p=2109"},"modified":"2013-04-02T22:02:55","modified_gmt":"2013-04-02T22:02:55","slug":"concurso-publico-confira-o-novo-cronograma","status":"publish","type":"post","link":"https:\/\/www.ifbaiano.edu.br\/unidades\/valenca\/2012\/08\/20\/concurso-publico-confira-o-novo-cronograma\/","title":{"rendered":"Concurso P\u00fablico: confira o novo cronograma"},"content":{"rendered":"<div>\n<p style=\"text-align: right\">20\/08\/2012 \u00e0s 15h27<\/p>\n<p>O reitor do Instituto Federal de Educa\u00e7\u00e3o, Ci\u00eancia e Tecnologia Baiano \u2013 IF Baiano torna p\u00fablica a retifica\u00e7\u00e3o do cronograma do Concurso P\u00fablico para provimento de vagas nas \u00e1reas de T\u00e9cnico-Administrativos em Educa\u00e7\u00e3o e Docentes.<\/p>\n<p>Confira as novas datas:<\/p>\n<p><a href=\"http:\/\/www.ifbaiano.edu.br\/reitoria\/wp-content\/uploads\/2012\/08\/Edital-138-alteracao-Cronograma.pdf\">Cronograma (T\u00e9cnico-Administrativos)<\/a><\/p>\n<p><a href=\"http:\/\/www.ifbaiano.edu.br\/reitoria\/wp-content\/uploads\/2012\/08\/Edital-139_alteracao-cronograma.pdf\">Cronograma (Docentes)<\/a><\/p>\n<p>&nbsp;<\/p>\n<p>Ascom \/ IF Baiano<\/p>\n<\/div>\n","protected":false},"excerpt":{"rendered":"<p>O resultado da prova escrita ser\u00e1 no dia 27 de agosto<\/p>\n","protected":false},"author":33,"featured_media":0,"comment_status":"open","ping_status":"open","sticky":false,"template":"","format":"standard","meta":[],"categories":[11,5],"tags":[],"_links":{"self":[{"href":"https:\/\/www.ifbaiano.edu.br\/unidades\/valenca\/wp-json\/wp\/v2\/posts\/2109"}],"collection":[{"href":"https:\/\/www.ifbaiano.edu.br\/unidades\/valenca\/wp-json\/wp\/v2\/posts"}],"about":[{"href":"https:\/\/www.ifbaiano.edu.br\/unidades\/valenca\/wp-json\/wp\/v2\/types\/post"}],"author":[{"embeddable":true,"href":"https:\/\/www.ifbaiano.edu.br\/unidades\/valenca\/wp-json\/wp\/v2\/users\/33"}],"replies":[{"embeddable":true,"href":"https:\/\/www.ifbaiano.edu.br\/unidades\/valenca\/wp-json\/wp\/v2\/comments?post=2109"}],"version-history":[{"count":3,"href":"https:\/\/www.ifbaiano.edu.br\/unidades\/valenca\/wp-json\/wp\/v2\/posts\/2109\/revisions"}],"predecessor-version":[{"id":2111,"href":"https:\/\/www.ifbaiano.edu.br\/unidades\/valenca\/wp-json\/wp\/v2\/posts\/2109\/revisions\/2111"}],"wp:attachment":[{"href":"https:\/\/www.ifbaiano.edu.br\/unidades\/valenca\/wp-json\/wp\/v2\/media?parent=2109"}],"wp:term":[{"taxonomy":"category","embeddable":true,"href":"https:\/\/www.ifbaiano.edu.br\/unidades\/valenca\/wp-json\/wp\/v2\/categories?post=2109"},{"taxonomy":"post_tag","embeddable":true,"href":"https:\/\/www.ifbaiano.edu.br\/unidades\/valenca\/wp-json\/wp\/v2\/tags?post=2109"}],"curies":[{"name":"wp","href":"https:\/\/api.w.org\/{rel}","templated":true}]}}