{"id":2113,"date":"2012-08-21T02:45:34","date_gmt":"2012-08-21T02:45:34","guid":{"rendered":"http:\/\/www.ifbaiano.edu.br\/unidades\/valenca\/?p=2113"},"modified":"2012-08-24T11:45:40","modified_gmt":"2012-08-24T11:45:40","slug":"estudantes-do-if-baiano-campus-valenca-fazem-ocupacao","status":"publish","type":"post","link":"https:\/\/www.ifbaiano.edu.br\/unidades\/valenca\/2012\/08\/21\/estudantes-do-if-baiano-campus-valenca-fazem-ocupacao\/","title":{"rendered":"Estudantes do IF Baiano Campus Valen\u00e7a fazem ocupa\u00e7\u00e3o"},"content":{"rendered":"\n\t\t<style type=\"text\/css\">\n\t\t\t#gallery-1 {\n\t\t\t\tmargin: auto;\n\t\t\t}\n\t\t\t#gallery-1 .gallery-item {\n\t\t\t\tfloat: left;\n\t\t\t\tmargin-top: 10px;\n\t\t\t\ttext-align: center;\n\t\t\t\twidth: 33%;\n\t\t\t}\n\t\t\t#gallery-1 img {\n\t\t\t\tborder: 2px solid #cfcfcf;\n\t\t\t}\n\t\t\t#gallery-1 .gallery-caption {\n\t\t\t\tmargin-left: 0;\n\t\t\t}\n\t\t\t\/* see gallery_shortcode() in wp-includes\/media.php *\/\n\t\t<\/style>\n\t\t<div id='gallery-1' class='gallery galleryid-2113 gallery-columns-3 gallery-size-thumbnail'><dl class='gallery-item'>\n\t\t\t<dt class='gallery-icon landscape'>\n\t\t\t\t<a href='https:\/\/www.ifbaiano.edu.br\/unidades\/valenca\/2012\/08\/21\/estudantes-do-if-baiano-campus-valenca-fazem-ocupacao\/dsc08799\/'><img width=\"150\" height=\"150\" src=\"https:\/\/www.ifbaiano.edu.br\/unidades\/valenca\/files\/2012\/08\/DSC08799-150x150.jpg\" class=\"attachment-thumbnail size-thumbnail\" alt=\"Ocupa\u00e7\u00e3o por estudantes no IFBaiano campus Valen\u00e7a\" decoding=\"async\" loading=\"lazy\" \/><\/a>\n\t\t\t<\/dt><\/dl><dl class='gallery-item'>\n\t\t\t<dt class='gallery-icon landscape'>\n\t\t\t\t<a href='https:\/\/www.ifbaiano.edu.br\/unidades\/valenca\/2012\/08\/21\/estudantes-do-if-baiano-campus-valenca-fazem-ocupacao\/dsc08798\/'><img width=\"150\" height=\"150\" src=\"https:\/\/www.ifbaiano.edu.br\/unidades\/valenca\/files\/2012\/08\/DSC08798-150x150.jpg\" class=\"attachment-thumbnail size-thumbnail\" alt=\"\" decoding=\"async\" loading=\"lazy\" \/><\/a>\n\t\t\t<\/dt><\/dl><dl class='gallery-item'>\n\t\t\t<dt class='gallery-icon landscape'>\n\t\t\t\t<a href='https:\/\/www.ifbaiano.edu.br\/unidades\/valenca\/2012\/08\/21\/estudantes-do-if-baiano-campus-valenca-fazem-ocupacao\/dsc08783\/'><img width=\"150\" height=\"150\" src=\"https:\/\/www.ifbaiano.edu.br\/unidades\/valenca\/files\/2012\/08\/DSC08783-150x150.jpg\" class=\"attachment-thumbnail size-thumbnail\" alt=\"\" decoding=\"async\" loading=\"lazy\" \/><\/a>\n\t\t\t<\/dt><\/dl><br style=\"clear: both\" \/>\n\t\t<\/div>\n\n\n\t\t<style type=\"text\/css\">\n\t\t\t#gallery-2 {\n\t\t\t\tmargin: auto;\n\t\t\t}\n\t\t\t#gallery-2 .gallery-item {\n\t\t\t\tfloat: left;\n\t\t\t\tmargin-top: 10px;\n\t\t\t\ttext-align: center;\n\t\t\t\twidth: 33%;\n\t\t\t}\n\t\t\t#gallery-2 img {\n\t\t\t\tborder: 2px solid #cfcfcf;\n\t\t\t}\n\t\t\t#gallery-2 .gallery-caption {\n\t\t\t\tmargin-left: 0;\n\t\t\t}\n\t\t\t\/* see gallery_shortcode() in wp-includes\/media.php *\/\n\t\t<\/style>\n\t\t<div id='gallery-2' class='gallery galleryid-2113 gallery-columns-3 gallery-size-thumbnail'><dl class='gallery-item'>\n\t\t\t<dt class='gallery-icon landscape'>\n\t\t\t\t<a href='https:\/\/www.ifbaiano.edu.br\/unidades\/valenca\/2012\/08\/21\/estudantes-do-if-baiano-campus-valenca-fazem-ocupacao\/dsc08799\/'><img width=\"150\" height=\"150\" src=\"https:\/\/www.ifbaiano.edu.br\/unidades\/valenca\/files\/2012\/08\/DSC08799-150x150.jpg\" class=\"attachment-thumbnail size-thumbnail\" alt=\"Ocupa\u00e7\u00e3o por estudantes no IFBaiano campus Valen\u00e7a\" decoding=\"async\" loading=\"lazy\" \/><\/a>\n\t\t\t<\/dt><\/dl><dl class='gallery-item'>\n\t\t\t<dt class='gallery-icon landscape'>\n\t\t\t\t<a href='https:\/\/www.ifbaiano.edu.br\/unidades\/valenca\/2012\/08\/21\/estudantes-do-if-baiano-campus-valenca-fazem-ocupacao\/dsc08798\/'><img width=\"150\" height=\"150\" src=\"https:\/\/www.ifbaiano.edu.br\/unidades\/valenca\/files\/2012\/08\/DSC08798-150x150.jpg\" class=\"attachment-thumbnail size-thumbnail\" alt=\"\" decoding=\"async\" loading=\"lazy\" \/><\/a>\n\t\t\t<\/dt><\/dl><dl class='gallery-item'>\n\t\t\t<dt class='gallery-icon landscape'>\n\t\t\t\t<a href='https:\/\/www.ifbaiano.edu.br\/unidades\/valenca\/2012\/08\/21\/estudantes-do-if-baiano-campus-valenca-fazem-ocupacao\/dsc08783\/'><img width=\"150\" height=\"150\" src=\"https:\/\/www.ifbaiano.edu.br\/unidades\/valenca\/files\/2012\/08\/DSC08783-150x150.jpg\" class=\"attachment-thumbnail size-thumbnail\" alt=\"\" decoding=\"async\" loading=\"lazy\" \/><\/a>\n\t\t\t<\/dt><\/dl><br style=\"clear: both\" \/>\n\t\t<\/div>\n\n<p>Estudantes do Instituto Federal Baiano &#8211; Campus Valen\u00e7a na manh\u00e3 do dia 20 de agosto, realizaram ocupa\u00e7\u00e3o do campus, paralisando as atividades oferecidas a fim de pressionar o governo a reabrir as negocia\u00e7\u00f5es com o sindicato dos professores e dos t\u00e9cnicos-administrativos em educa\u00e7\u00e3o, bem como o atendimento das reivindica\u00e7\u00f5es, contribuindo para por fim na greve dos servidores que j\u00e1 caminha para o seu segundo m\u00eas.<\/p>\n<p>O movimento foi organizado pelo Gr\u00eamio Estudantil da referida unidade e come\u00e7ou por volta das 7 horas da manh\u00e3, quando os estudantes impediram a entrada dos servidores trancando o port\u00e3o central do campus, o ato iniciou com uma alvorada de fogos, apita\u00e7o e a coloca\u00e7\u00e3o de faixas pedindo agilidade por parte do governo para que sejam atendidas as reivindica\u00e7\u00f5es dos grevistas. Ainda pela manh\u00e3, os estudantes realizaram uma panfletagem local explicando a comunidade sobre o referido movimento.<\/p>\n<p>Participou tamb\u00e9m do movimento a representa\u00e7\u00e3o da FEAB (Federa\u00e7\u00e3o dos Estudantes de Agronomia do Brasil) que est\u00e1 realizando o 55\u00ba Congresso Nacional dos Estudantes de Agronomia na UFRB em Cruz das Almas com estudantes de todo o pa\u00eds. Durante todo o dia aconteceram aulas p\u00fablicas e debates referentes \u00e0 situa\u00e7\u00e3o da educa\u00e7\u00e3o no Pa\u00eds, bem como a import\u00e2ncia do movimento estudantil no contexto da escola.<\/p>\n<p>Em estado de mobiliza\u00e7\u00e3o desde o dia 16 de julho, os estudantes encaminharam na manh\u00e3 do dia 20\/08 um documento ao Magn\u00edfico Reitor do IF Baiano, pedindo a implanta\u00e7\u00e3o de uma mesa de negocia\u00e7\u00e3o permanente entre o movimento estudantil do IF Baiano e a Reitoria, bem como a agilidade no processo de transfer\u00eancia das antigas EMARC\u2019s para o MEC e a transforma\u00e7\u00e3o da mesma em Unidade Gestora.<\/p>\n<p>O Diretor de Administra\u00e7\u00e3o e Planejamento do Campus, F\u00e1bio S\u00e1 B. Nogueira, representando a Dire\u00e7\u00e3o Geral, acompanhou toda a manifesta\u00e7\u00e3o e ressaltou que o \u201cmovimento foi pac\u00edfico, sem causar preju\u00edzos ao patrim\u00f4nio p\u00fablico do Instituto Federal.\u201d<\/p>\n<p>No final da tarde os estudantes far\u00e3o uma nova assembl\u00e9ia para avaliar o movimento realizado hoje e decidir quais ser\u00e3o os pr\u00f3ximos passos a serem tomados.<\/p>\n<p>&nbsp;<\/p>\n<p>Ascom\/Valen\u00e7a<\/p>\n","protected":false},"excerpt":{"rendered":"<p>Estudantes do Instituto Federal Baiano &#8211; Campus Valen\u00e7a na manh\u00e3 do dia 20 de agosto, realizaram ocupa\u00e7\u00e3o do campus, paralisando as atividades oferecidas a fim de pressionar o governo a reabrir as negocia\u00e7\u00f5es com o sindicato dos professores e dos t\u00e9cnicos-administrativos em educa\u00e7\u00e3o, bem como o atendimento das reivindica\u00e7\u00f5es, contribuindo para por fim na greve [&hellip;]<\/p>\n","protected":false},"author":34,"featured_media":2114,"comment_status":"open","ping_status":"open","sticky":false,"template":"","format":"standard","meta":[],"categories":[5],"tags":[],"_links":{"self":[{"href":"https:\/\/www.ifbaiano.edu.br\/unidades\/valenca\/wp-json\/wp\/v2\/posts\/2113"}],"collection":[{"href":"https:\/\/www.ifbaiano.edu.br\/unidades\/valenca\/wp-json\/wp\/v2\/posts"}],"about":[{"href":"https:\/\/www.ifbaiano.edu.br\/unidades\/valenca\/wp-json\/wp\/v2\/types\/post"}],"author":[{"embeddable":true,"href":"https:\/\/www.ifbaiano.edu.br\/unidades\/valenca\/wp-json\/wp\/v2\/users\/34"}],"replies":[{"embeddable":true,"href":"https:\/\/www.ifbaiano.edu.br\/unidades\/valenca\/wp-json\/wp\/v2\/comments?post=2113"}],"version-history":[{"count":6,"href":"https:\/\/www.ifbaiano.edu.br\/unidades\/valenca\/wp-json\/wp\/v2\/posts\/2113\/revisions"}],"predecessor-version":[{"id":2119,"href":"https:\/\/www.ifbaiano.edu.br\/unidades\/valenca\/wp-json\/wp\/v2\/posts\/2113\/revisions\/2119"}],"wp:featuredmedia":[{"embeddable":true,"href":"https:\/\/www.ifbaiano.edu.br\/unidades\/valenca\/wp-json\/wp\/v2\/media\/2114"}],"wp:attachment":[{"href":"https:\/\/www.ifbaiano.edu.br\/unidades\/valenca\/wp-json\/wp\/v2\/media?parent=2113"}],"wp:term":[{"taxonomy":"category","embeddable":true,"href":"https:\/\/www.ifbaiano.edu.br\/unidades\/valenca\/wp-json\/wp\/v2\/categories?post=2113"},{"taxonomy":"post_tag","embeddable":true,"href":"https:\/\/www.ifbaiano.edu.br\/unidades\/valenca\/wp-json\/wp\/v2\/tags?post=2113"}],"curies":[{"name":"wp","href":"https:\/\/api.w.org\/{rel}","templated":true}]}}