{"id":2129,"date":"2012-09-05T01:37:34","date_gmt":"2012-09-05T01:37:34","guid":{"rendered":"http:\/\/www.ifbaiano.edu.br\/unidades\/valenca\/?p=2129"},"modified":"2012-09-05T01:37:34","modified_gmt":"2012-09-05T01:37:34","slug":"alunos-do-campus-de-valenca-participam-da-obmep-olimpiada-brasileira-de-matematica","status":"publish","type":"post","link":"https:\/\/www.ifbaiano.edu.br\/unidades\/valenca\/2012\/09\/05\/alunos-do-campus-de-valenca-participam-da-obmep-olimpiada-brasileira-de-matematica\/","title":{"rendered":"Alunos do campus de Valen\u00e7a participam da OBMEP &#8211; Olimp\u00edada Brasileira de Matem\u00e1tica"},"content":{"rendered":"<p>O IFBaiano <em>campus<\/em> Valen\u00e7a, parabeniza a todos os alunos que participaram da OBMEP &#8211; Olimp\u00edada Brasileira de Matem\u00e1tica!!!<br \/>\nDos participantes, os estudantes que se classificaram para a 2\u00aa fase s\u00e3o:<\/p>\n<p>1. Alex Menezes de Santana (1\u00baA)<br \/>\n2. Bruna Duarte dos Santos (1\u00baB)<br \/>\n3. Elisama Costa dos Santos (1\u00baC)<br \/>\n4. Felipe Souza Pinho (1\u00baA)<br \/>\n5. Gabriel Azevedo Carvalho (1\u00baC)<br \/>\n6. Gabriel de Moraes Tandeski Santos (1\u00baA)<br \/>\n7. Greice Quele da Concei\u00e7\u00e3o Oliveira (1\u00baA)<br \/>\n8. Iuri Pereira Santos (1\u00baC)<br \/>\n9. Julia Caf\u00e9 de Mesquita Santos (1\u00baA)<br \/>\n10. Robert Nunes de Oliveira (1\u00baA)<br \/>\n11. Samuel Rebou\u00e7as de Jesus (1\u00baB)<br \/>\n12. Yanca dos Santos Ribeiro (1\u00baB)<\/p>\n<p>A segunda fase ser\u00e1 realizada no dia 15 de setembro de 2012 (s\u00e1bado), \u00e0s 14:30h (hor\u00e1rio de Bras\u00edlia), no Col\u00e9gio Estadual de Valen\u00e7a, localizado \u00e0 Rua Florestal, 1, Bol\u00edvia, Valen\u00e7a-BA.<br \/>\nOs alunos relacionados dever\u00e3o apresentar-se, no Centro descrito acima, portando documento original de identidade (carteira de identidade ou certid\u00e3o de nascimento ou carteira escolar) e o cart\u00e3o informativo da OBMEP (enviado a todas as escolas via postal). \u00c9 recomend\u00e1vel que o aluno se apresente no CENTRO DE APLICA\u00c7\u00c3O com, pelo menos, trinta minutos de anteced\u00eancia.<\/p>\n<p>Boa sorte aos nossos participantes!!!<\/p>\n<p>ASCOM &#8211; Valen\u00e7a<\/p>\n","protected":false},"excerpt":{"rendered":"<p>O IFBaiano campus Valen\u00e7a, parabeniza a todos os alunos que participaram da OBMEP &#8211; Olimp\u00edada Brasileira de Matem\u00e1tica!!! Dos participantes, os estudantes que se classificaram para a 2\u00aa fase s\u00e3o: 1. Alex Menezes de Santana (1\u00baA) 2. Bruna Duarte dos Santos (1\u00baB) 3. Elisama Costa dos Santos (1\u00baC) 4. Felipe Souza Pinho (1\u00baA) 5. Gabriel [&hellip;]<\/p>\n","protected":false},"author":34,"featured_media":0,"comment_status":"open","ping_status":"open","sticky":false,"template":"","format":"standard","meta":[],"categories":[5],"tags":[],"_links":{"self":[{"href":"https:\/\/www.ifbaiano.edu.br\/unidades\/valenca\/wp-json\/wp\/v2\/posts\/2129"}],"collection":[{"href":"https:\/\/www.ifbaiano.edu.br\/unidades\/valenca\/wp-json\/wp\/v2\/posts"}],"about":[{"href":"https:\/\/www.ifbaiano.edu.br\/unidades\/valenca\/wp-json\/wp\/v2\/types\/post"}],"author":[{"embeddable":true,"href":"https:\/\/www.ifbaiano.edu.br\/unidades\/valenca\/wp-json\/wp\/v2\/users\/34"}],"replies":[{"embeddable":true,"href":"https:\/\/www.ifbaiano.edu.br\/unidades\/valenca\/wp-json\/wp\/v2\/comments?post=2129"}],"version-history":[{"count":5,"href":"https:\/\/www.ifbaiano.edu.br\/unidades\/valenca\/wp-json\/wp\/v2\/posts\/2129\/revisions"}],"predecessor-version":[{"id":2134,"href":"https:\/\/www.ifbaiano.edu.br\/unidades\/valenca\/wp-json\/wp\/v2\/posts\/2129\/revisions\/2134"}],"wp:attachment":[{"href":"https:\/\/www.ifbaiano.edu.br\/unidades\/valenca\/wp-json\/wp\/v2\/media?parent=2129"}],"wp:term":[{"taxonomy":"category","embeddable":true,"href":"https:\/\/www.ifbaiano.edu.br\/unidades\/valenca\/wp-json\/wp\/v2\/categories?post=2129"},{"taxonomy":"post_tag","embeddable":true,"href":"https:\/\/www.ifbaiano.edu.br\/unidades\/valenca\/wp-json\/wp\/v2\/tags?post=2129"}],"curies":[{"name":"wp","href":"https:\/\/api.w.org\/{rel}","templated":true}]}}