{"id":2181,"date":"2012-09-05T02:42:22","date_gmt":"2012-09-05T02:42:22","guid":{"rendered":"http:\/\/www.ifbaiano.edu.br\/unidades\/valenca\/?p=2181"},"modified":"2012-09-05T02:42:22","modified_gmt":"2012-09-05T02:42:22","slug":"professora-do-if-baiano-campus-valenca-apresentara-videoconferencia-pela-universidade-cooperativa-de-colombia-ucc-6","status":"publish","type":"post","link":"https:\/\/www.ifbaiano.edu.br\/unidades\/valenca\/2012\/09\/05\/professora-do-if-baiano-campus-valenca-apresentara-videoconferencia-pela-universidade-cooperativa-de-colombia-ucc-6\/","title":{"rendered":"Professora do IF Baiano campus Valen\u00e7a, apresentar\u00e1 videoconfer\u00eancia pela Universidade Cooperativa de Colombia (UCC)"},"content":{"rendered":"<p><a href=\"http:\/\/www.ifbaiano.edu.br\/unidades\/valenca\/files\/2012\/09\/Semana-Internacional4.jpg\"><img decoding=\"async\" loading=\"lazy\" src=\"http:\/\/www.ifbaiano.edu.br\/unidades\/valenca\/files\/2012\/09\/Semana-Internacional4.jpg\" alt=\"\" width=\"403\" height=\"300\" class=\"aligncenter size-full wp-image-2182\" srcset=\"https:\/\/www.ifbaiano.edu.br\/unidades\/valenca\/files\/2012\/09\/Semana-Internacional4.jpg 403w, https:\/\/www.ifbaiano.edu.br\/unidades\/valenca\/files\/2012\/09\/Semana-Internacional4-300x223.jpg 300w, https:\/\/www.ifbaiano.edu.br\/unidades\/valenca\/files\/2012\/09\/Semana-Internacional4-400x297.jpg 400w\" sizes=\"(max-width: 403px) 100vw, 403px\" \/><\/a>A professora do IF Baiano <em>campus<\/em> Valen\u00e7a, D.Sc. OLIMPIA LIMA SILVA FILHA- Zootecnista, apresentar\u00e1 uma videoconfer\u00eancia intitulada \u201cEXPERIENCIAS CON PORCINOS EN EL NORDESTE DE BRASIL\u201d para a \u201cSemana Internacional, pa\u00eds invitado Brasil\u201d da Universidade Cooperativa de Colombia (UCC), evento que ocorrer\u00e1 de 10 a 14 de setembro de 2012.<br \/>\nA videoconfer\u00eancia ser\u00e1 exibido online no dia 10 de setembro de 2012 das 16:30h \u00e0s 18:30h (hor\u00e1rio de Bras\u00edlia), quando a conferencista estar\u00e1 dispon\u00edvel para responder \u00e0s perguntas dos participantes.<br \/>\nEste evento contar\u00e1 com a participa\u00e7\u00e3o dos seguintes conferencistas de acordo com a agenda abaixo:<\/p>\n<p>Esta agenda est\u00e1 sujeta a cambios:<\/p>\n<p>Lunes 10 de septiembre<br \/>\nHoras de la ma\u00f1ana*<br \/>\nCEREMONIAS DE INAUGURACI\u00d3N: sujetas a la programaci\u00f3n local de cada una de las sedes<br \/>\nCHARLA CON EL SE\u00d1OR EMBAJADOR DE BRASIL EN COLOMBIA ANTONINO MENAGON\u00c7ALVES.<br \/>\nConducida por Juan Carlos Mej\u00eda Cuartas \u2013 Director de Internacionalizaci\u00f3n<br \/>\nDirigida a: toda la comunidad<\/p>\n<p>2:30 &#8211; 4:30pm\t\u201cEXPERIENCIAS CON PORCINOS EN EL NORDESTE DE BRASIL\u201d<br \/>\nDra. Olimpia Lima Silva<br \/>\nProfesora\/Investigadora Instituto Federal de Educaci\u00f3n, Ciencia y Tecnolog\u00eda Baiano &#8211; Campus Valen\u00e7a<br \/>\nDirigida a: Medicina Veterinaria y Zootecnia<\/p>\n<p>Martes 11 de septiembre<br \/>\n8 &#8211; 10am<br \/>\n\u201cPROGRAMA ESTUDIANTE &#8211; CONVENIO DE POSGRADO: OPORTUNIDADES DE ESTUDIOS EN BRASIL\u201d<br \/>\nJoao Ernesto Christ\u00f3folo<br \/>\nSecretario de Cooperaci\u00f3n Internacional \u2013 Embajada de Brasil en Colombia<br \/>\nDirigida a:toda la comunidad<\/p>\n<p>6:30 &#8211; 8:30pm<br \/>\n\u201cPANORAMA DE LA ECONOM\u00cdA SOLIDARIA EN BRASIL\u201d<br \/>\nDaniel Tygel<br \/>\nGerente Operativo de RIPESS (Red Intercontinental de Promoci\u00f3n de Econom\u00eda Solidaria)<br \/>\nDirigida a: Ciencias Econ\u00f3micas y Ciencias Sociales<\/p>\n<p>Mi\u00e9rcoles 12 de septiembre<br \/>\n8 &#8211; 10am<br \/>\n\u201cMERCADEO DE LOS SERVICIOS DE SALUD: EL CASO DE LA ODONTOLOG\u00cdA\u201d<br \/>\nDr. Moacyr Men\u00e9ndez DDS, MS, PhD<br \/>\nCl\u00ednica Espaco Abertto, Sao Paulo<br \/>\nDirigida a:Ciencias de la Salud y Ciencias Econ\u00f3micas<\/p>\n<p>6:30 &#8211; 8:30pm<br \/>\n\u201cTRANSMISI\u00d3N DEL CONOCIMIENTO EN EL \u00c1REA DE MATERIALES DE CONSTRUCCI\u00d3N NO CONVENCIONALES, VINCULADA A LA COOPERACI\u00d3N INTERNACIONAL CON LA UNIVERSIDAD FEDERAL DE PARAIBA\u201d<br \/>\nIng. Sandra Reyes Ort\u00edz<br \/>\nDoctora en formaci\u00f3n Universidad Nacional de Colombia \u2013 Universidade Federal de Paraiba.<br \/>\nDirigida a: Ingenier\u00edas<\/p>\n<p>Jueves 13 de septiembre<br \/>\n8-10am<br \/>\n\u201cPANORAMA ECON\u00d3MICO EN BRASIL\u201d<br \/>\nMarcelo Salomao Martinez<br \/>\nSecretario Comercial Embajada de Brasil en Colombia<br \/>\nDirigida a:Ciencias Econ\u00f3micas, Administrativas y Contables<\/p>\n<p>Viernes 14 de septiembre<br \/>\n8 &#8211; 10am<br \/>\n\u201cPANORAMA POL\u00cdTICO EN BRASIL\u201d<br \/>\nMario Mottin<br \/>\nSecretario de Pol\u00edtica Interna y Derechos Humanos, Embajada de Brasil en Colombia<br \/>\nDirigida a: Ciencias Sociales y Humanas<\/p>\n<p>ASCOM &#8211; Valen\u00e7a<\/p>\n","protected":false},"excerpt":{"rendered":"<p>A professora do IF Baiano campus Valen\u00e7a, D.Sc. OLIMPIA LIMA SILVA FILHA- Zootecnista, apresentar\u00e1 uma videoconfer\u00eancia intitulada \u201cEXPERIENCIAS CON PORCINOS EN EL NORDESTE DE BRASIL\u201d para a \u201cSemana Internacional, pa\u00eds invitado Brasil\u201d da Universidade Cooperativa de Colombia (UCC), evento que ocorrer\u00e1 de 10 a 14 de setembro de 2012. A videoconfer\u00eancia ser\u00e1 exibido online no [&hellip;]<\/p>\n","protected":false},"author":34,"featured_media":2182,"comment_status":"open","ping_status":"open","sticky":false,"template":"","format":"standard","meta":[],"categories":[5],"tags":[],"_links":{"self":[{"href":"https:\/\/www.ifbaiano.edu.br\/unidades\/valenca\/wp-json\/wp\/v2\/posts\/2181"}],"collection":[{"href":"https:\/\/www.ifbaiano.edu.br\/unidades\/valenca\/wp-json\/wp\/v2\/posts"}],"about":[{"href":"https:\/\/www.ifbaiano.edu.br\/unidades\/valenca\/wp-json\/wp\/v2\/types\/post"}],"author":[{"embeddable":true,"href":"https:\/\/www.ifbaiano.edu.br\/unidades\/valenca\/wp-json\/wp\/v2\/users\/34"}],"replies":[{"embeddable":true,"href":"https:\/\/www.ifbaiano.edu.br\/unidades\/valenca\/wp-json\/wp\/v2\/comments?post=2181"}],"version-history":[{"count":3,"href":"https:\/\/www.ifbaiano.edu.br\/unidades\/valenca\/wp-json\/wp\/v2\/posts\/2181\/revisions"}],"predecessor-version":[{"id":2186,"href":"https:\/\/www.ifbaiano.edu.br\/unidades\/valenca\/wp-json\/wp\/v2\/posts\/2181\/revisions\/2186"}],"wp:featuredmedia":[{"embeddable":true,"href":"https:\/\/www.ifbaiano.edu.br\/unidades\/valenca\/wp-json\/wp\/v2\/media\/2182"}],"wp:attachment":[{"href":"https:\/\/www.ifbaiano.edu.br\/unidades\/valenca\/wp-json\/wp\/v2\/media?parent=2181"}],"wp:term":[{"taxonomy":"category","embeddable":true,"href":"https:\/\/www.ifbaiano.edu.br\/unidades\/valenca\/wp-json\/wp\/v2\/categories?post=2181"},{"taxonomy":"post_tag","embeddable":true,"href":"https:\/\/www.ifbaiano.edu.br\/unidades\/valenca\/wp-json\/wp\/v2\/tags?post=2181"}],"curies":[{"name":"wp","href":"https:\/\/api.w.org\/{rel}","templated":true}]}}