{"id":2188,"date":"2012-09-06T22:43:39","date_gmt":"2012-09-06T22:43:39","guid":{"rendered":"http:\/\/www.ifbaiano.edu.br\/unidades\/valenca\/?p=2188"},"modified":"2012-09-06T22:43:39","modified_gmt":"2012-09-06T22:43:39","slug":"retorno-as-atividades-do-ifbaiano-campus-de-valenca-no-dia-10-de-setembro-de-2012","status":"publish","type":"post","link":"https:\/\/www.ifbaiano.edu.br\/unidades\/valenca\/2012\/09\/06\/retorno-as-atividades-do-ifbaiano-campus-de-valenca-no-dia-10-de-setembro-de-2012\/","title":{"rendered":"Retorno as atividades do IFBaiano Campus de Valen\u00e7a no dia 10 de setembro de 2012"},"content":{"rendered":"<p>\n\t\t<style type=\"text\/css\">\n\t\t\t#gallery-1 {\n\t\t\t\tmargin: auto;\n\t\t\t}\n\t\t\t#gallery-1 .gallery-item {\n\t\t\t\tfloat: left;\n\t\t\t\tmargin-top: 10px;\n\t\t\t\ttext-align: center;\n\t\t\t\twidth: 33%;\n\t\t\t}\n\t\t\t#gallery-1 img {\n\t\t\t\tborder: 2px solid #cfcfcf;\n\t\t\t}\n\t\t\t#gallery-1 .gallery-caption {\n\t\t\t\tmargin-left: 0;\n\t\t\t}\n\t\t\t\/* see gallery_shortcode() in wp-includes\/media.php *\/\n\t\t<\/style>\n\t\t<div id='gallery-1' class='gallery galleryid-2188 gallery-columns-3 gallery-size-thumbnail'><dl class='gallery-item'>\n\t\t\t<dt class='gallery-icon portrait'>\n\t\t\t\t<a href='https:\/\/www.ifbaiano.edu.br\/unidades\/valenca\/2012\/09\/06\/retorno-as-atividades-do-ifbaiano-campus-de-valenca-no-dia-10-de-setembro-de-2012\/nota-informativa-pg-1\/'><img width=\"150\" height=\"150\" src=\"https:\/\/www.ifbaiano.edu.br\/unidades\/valenca\/files\/2012\/09\/NOTA-INFORMATIVA-PG-1-150x150.jpg\" class=\"attachment-thumbnail size-thumbnail\" alt=\"\" decoding=\"async\" loading=\"lazy\" \/><\/a>\n\t\t\t<\/dt><\/dl><dl class='gallery-item'>\n\t\t\t<dt class='gallery-icon portrait'>\n\t\t\t\t<a href='https:\/\/www.ifbaiano.edu.br\/unidades\/valenca\/2012\/09\/06\/retorno-as-atividades-do-ifbaiano-campus-de-valenca-no-dia-10-de-setembro-de-2012\/nota-informativa-pg-2-jpeg\/'><img width=\"150\" height=\"150\" src=\"https:\/\/www.ifbaiano.edu.br\/unidades\/valenca\/files\/2012\/09\/NOTA-INFORMATIVA-PG-2.jpeg-150x150.jpg\" class=\"attachment-thumbnail size-thumbnail\" alt=\"\" decoding=\"async\" loading=\"lazy\" \/><\/a>\n\t\t\t<\/dt><\/dl>\n\t\t\t<br style='clear: both' \/>\n\t\t<\/div>\nConforme delibera\u00e7\u00e3o do Col\u00e9gio de Dirigentes do IF Baiano, as atividades administrativas e acad\u00eamicas do IFBaiano <em>Campus<\/em> de Valen\u00e7a retornar\u00e3o em <strong>10 de setembro de 2012<\/strong>, com orienta\u00e7\u00f5es a serem desenvolvidas com o objetivo de garantir o cumprimento dos dias letivos e horas, de acordo com o documento em anexo.<\/p>\n<p>ASCOM &#8211; Valen\u00e7a<\/p>\n","protected":false},"excerpt":{"rendered":"<p>Conforme delibera\u00e7\u00e3o do Col\u00e9gio de Dirigentes do IF Baiano, as atividades administrativas e acad\u00eamicas do IFBaiano Campus de Valen\u00e7a retornar\u00e3o em 10 de setembro de 2012, com orienta\u00e7\u00f5es a serem desenvolvidas com o objetivo de garantir o cumprimento dos dias letivos e horas, de acordo com o documento em anexo. ASCOM &#8211; Valen\u00e7a<\/p>\n","protected":false},"author":34,"featured_media":0,"comment_status":"open","ping_status":"open","sticky":false,"template":"","format":"standard","meta":[],"categories":[5,1],"tags":[],"_links":{"self":[{"href":"https:\/\/www.ifbaiano.edu.br\/unidades\/valenca\/wp-json\/wp\/v2\/posts\/2188"}],"collection":[{"href":"https:\/\/www.ifbaiano.edu.br\/unidades\/valenca\/wp-json\/wp\/v2\/posts"}],"about":[{"href":"https:\/\/www.ifbaiano.edu.br\/unidades\/valenca\/wp-json\/wp\/v2\/types\/post"}],"author":[{"embeddable":true,"href":"https:\/\/www.ifbaiano.edu.br\/unidades\/valenca\/wp-json\/wp\/v2\/users\/34"}],"replies":[{"embeddable":true,"href":"https:\/\/www.ifbaiano.edu.br\/unidades\/valenca\/wp-json\/wp\/v2\/comments?post=2188"}],"version-history":[{"count":4,"href":"https:\/\/www.ifbaiano.edu.br\/unidades\/valenca\/wp-json\/wp\/v2\/posts\/2188\/revisions"}],"predecessor-version":[{"id":2194,"href":"https:\/\/www.ifbaiano.edu.br\/unidades\/valenca\/wp-json\/wp\/v2\/posts\/2188\/revisions\/2194"}],"wp:attachment":[{"href":"https:\/\/www.ifbaiano.edu.br\/unidades\/valenca\/wp-json\/wp\/v2\/media?parent=2188"}],"wp:term":[{"taxonomy":"category","embeddable":true,"href":"https:\/\/www.ifbaiano.edu.br\/unidades\/valenca\/wp-json\/wp\/v2\/categories?post=2188"},{"taxonomy":"post_tag","embeddable":true,"href":"https:\/\/www.ifbaiano.edu.br\/unidades\/valenca\/wp-json\/wp\/v2\/tags?post=2188"}],"curies":[{"name":"wp","href":"https:\/\/api.w.org\/{rel}","templated":true}]}}