{"id":2256,"date":"2012-09-17T02:54:43","date_gmt":"2012-09-17T02:54:43","guid":{"rendered":"http:\/\/www.ifbaiano.edu.br\/unidades\/valenca\/?p=2256"},"modified":"2012-09-17T02:54:43","modified_gmt":"2012-09-17T02:54:43","slug":"oficina-motivacional-realizada-por-professor-do-campus-de-valenca-9","status":"publish","type":"post","link":"https:\/\/www.ifbaiano.edu.br\/unidades\/valenca\/2012\/09\/17\/oficina-motivacional-realizada-por-professor-do-campus-de-valenca-9\/","title":{"rendered":"Oficina Motivacional realizada por professor do campus de Valen\u00e7a"},"content":{"rendered":"<p>No \u00faltimo 11, foi realizada na Casa Familiar de Igrapi\u00fana &#8211; Fazenda Michelin, uma oficina Motivacional pelo educador do IFBaiano &#8211; campus de Valen\u00e7a, professor Reinaldo da Silva Varj\u00e3o, com o tema Associativismo e Cooperativismo tendo uma carga hor\u00e1ria de 05 horas.<br \/>\nO objetivo da oficina proposto foi de incentivar a viv\u00eancia e consci\u00eancia da coopera\u00e7\u00e3o, tendo como p\u00fablico alvo os filhos de agricultores familiares\\estudantes da Casa Familiar Rural de Igrapi\u00fana.<br \/>\nDurante os trabalhos realizados houve 3 momentos:<br \/>\n1\u00ba despertar para coopera\u00e7\u00e3o;<br \/>\n2\u00ba vivenciando a coopera\u00e7\u00e3o;<br \/>\n3 \u00bacoopera\u00e7\u00e3o empreendedora.<br \/>\nA metodologia utilizada foi atrav\u00e9s de uma abordagem vivencial recorrendo aos Recursos metodol\u00f3gicos:<br \/>\nExposi\u00e7\u00e3o dialogada, din\u00e2micas estruturadas, jogos cooperativos, dan\u00e7as circulares, musicoopera\u00e7\u00e3o e produ\u00e7\u00e3o liter\u00e1ria coletiva.<br \/>\nOs conte\u00fados abordados e propostos pela oficina foram: coopera\u00e7\u00e3o, solidariedade, competi\u00e7\u00e3o, associativismo, cooperativismo, empreendedorismo.<br \/>\nA avalia\u00e7\u00e3o dos trabalhos durante a oficina foi centrada no processo de predomin\u00e2ncia dos aspectos qualitativos dos participantes.<\/p>\n<p>ASCOM &#8211; Valen\u00e7a<\/p>\n","protected":false},"excerpt":{"rendered":"<p>No \u00faltimo 11, foi realizada na Casa Familiar de Igrapi\u00fana &#8211; Fazenda Michelin, uma oficina Motivacional pelo educador do IFBaiano &#8211; campus de Valen\u00e7a, professor Reinaldo da Silva Varj\u00e3o, com o tema Associativismo e Cooperativismo tendo uma carga hor\u00e1ria de 05 horas. O objetivo da oficina proposto foi de incentivar a viv\u00eancia e consci\u00eancia da [&hellip;]<\/p>\n","protected":false},"author":34,"featured_media":0,"comment_status":"open","ping_status":"open","sticky":false,"template":"","format":"standard","meta":[],"categories":[5],"tags":[],"_links":{"self":[{"href":"https:\/\/www.ifbaiano.edu.br\/unidades\/valenca\/wp-json\/wp\/v2\/posts\/2256"}],"collection":[{"href":"https:\/\/www.ifbaiano.edu.br\/unidades\/valenca\/wp-json\/wp\/v2\/posts"}],"about":[{"href":"https:\/\/www.ifbaiano.edu.br\/unidades\/valenca\/wp-json\/wp\/v2\/types\/post"}],"author":[{"embeddable":true,"href":"https:\/\/www.ifbaiano.edu.br\/unidades\/valenca\/wp-json\/wp\/v2\/users\/34"}],"replies":[{"embeddable":true,"href":"https:\/\/www.ifbaiano.edu.br\/unidades\/valenca\/wp-json\/wp\/v2\/comments?post=2256"}],"version-history":[{"count":3,"href":"https:\/\/www.ifbaiano.edu.br\/unidades\/valenca\/wp-json\/wp\/v2\/posts\/2256\/revisions"}],"predecessor-version":[{"id":2261,"href":"https:\/\/www.ifbaiano.edu.br\/unidades\/valenca\/wp-json\/wp\/v2\/posts\/2256\/revisions\/2261"}],"wp:attachment":[{"href":"https:\/\/www.ifbaiano.edu.br\/unidades\/valenca\/wp-json\/wp\/v2\/media?parent=2256"}],"wp:term":[{"taxonomy":"category","embeddable":true,"href":"https:\/\/www.ifbaiano.edu.br\/unidades\/valenca\/wp-json\/wp\/v2\/categories?post=2256"},{"taxonomy":"post_tag","embeddable":true,"href":"https:\/\/www.ifbaiano.edu.br\/unidades\/valenca\/wp-json\/wp\/v2\/tags?post=2256"}],"curies":[{"name":"wp","href":"https:\/\/api.w.org\/{rel}","templated":true}]}}