{"id":2270,"date":"2012-09-17T12:13:37","date_gmt":"2012-09-17T12:13:37","guid":{"rendered":"http:\/\/www.ifbaiano.edu.br\/unidades\/valenca\/?p=2270"},"modified":"2012-09-17T12:22:23","modified_gmt":"2012-09-17T12:22:23","slug":"selecao-para-professor-temporario-de-meio-ambiente","status":"publish","type":"post","link":"https:\/\/www.ifbaiano.edu.br\/unidades\/valenca\/2012\/09\/17\/selecao-para-professor-temporario-de-meio-ambiente\/","title":{"rendered":"Sele\u00e7\u00e3o para professor tempor\u00e1rio de Meio Ambiente"},"content":{"rendered":"<p><a href='http:\/\/www.ifbaiano.edu.br\/unidades\/valenca\/files\/2012\/09\/Edital-V..2.pdf'>_Edital-Valen\u00e7a<\/a><br \/>\nEst\u00e3o abertas inscri\u00e7\u00f5es para sele\u00e7\u00e3o de professor tempor\u00e1rio de Meio Ambiente, s\u00e3o duas vagas, em regime de 40 horas semanais e o per\u00edodo de inscri\u00e7\u00e3o \u00e9 de 17 a 26 de setembro de 2012 das 8h00min \u00e0s 11h00min e das 14h00min \u00e0s 17h00min, na Sala do N\u00facleo de Apoio \u00e0 Gest\u00e3o de Pessoas do IF Baiano, Campus Valen\u00e7a, localizado na Rua Glic\u00e9rio Tavares, s\/n, Bate-Quente, Valen\u00e7a-BA.<\/p>\n<p>As inscri\u00e7\u00f5es ser\u00e3o aceitas nas seguintes modalidades:<br \/>\na) Presencial;<br \/>\nb) Por Procura\u00e7\u00e3o;<br \/>\nc) Via Internet.<\/p>\n<p>Conforme edital em anexo.<\/p>\n<p>ASCOM &#8211; Valen\u00e7a<\/p>\n","protected":false},"excerpt":{"rendered":"<p>_Edital-Valen\u00e7a Est\u00e3o abertas inscri\u00e7\u00f5es para sele\u00e7\u00e3o de professor tempor\u00e1rio de Meio Ambiente, s\u00e3o duas vagas, em regime de 40 horas semanais e o per\u00edodo de inscri\u00e7\u00e3o \u00e9 de 17 a 26 de setembro de 2012 das 8h00min \u00e0s 11h00min e das 14h00min \u00e0s 17h00min, na Sala do N\u00facleo de Apoio \u00e0 Gest\u00e3o de Pessoas do [&hellip;]<\/p>\n","protected":false},"author":34,"featured_media":0,"comment_status":"open","ping_status":"open","sticky":false,"template":"","format":"standard","meta":[],"categories":[32,1],"tags":[],"_links":{"self":[{"href":"https:\/\/www.ifbaiano.edu.br\/unidades\/valenca\/wp-json\/wp\/v2\/posts\/2270"}],"collection":[{"href":"https:\/\/www.ifbaiano.edu.br\/unidades\/valenca\/wp-json\/wp\/v2\/posts"}],"about":[{"href":"https:\/\/www.ifbaiano.edu.br\/unidades\/valenca\/wp-json\/wp\/v2\/types\/post"}],"author":[{"embeddable":true,"href":"https:\/\/www.ifbaiano.edu.br\/unidades\/valenca\/wp-json\/wp\/v2\/users\/34"}],"replies":[{"embeddable":true,"href":"https:\/\/www.ifbaiano.edu.br\/unidades\/valenca\/wp-json\/wp\/v2\/comments?post=2270"}],"version-history":[{"count":4,"href":"https:\/\/www.ifbaiano.edu.br\/unidades\/valenca\/wp-json\/wp\/v2\/posts\/2270\/revisions"}],"predecessor-version":[{"id":2278,"href":"https:\/\/www.ifbaiano.edu.br\/unidades\/valenca\/wp-json\/wp\/v2\/posts\/2270\/revisions\/2278"}],"wp:attachment":[{"href":"https:\/\/www.ifbaiano.edu.br\/unidades\/valenca\/wp-json\/wp\/v2\/media?parent=2270"}],"wp:term":[{"taxonomy":"category","embeddable":true,"href":"https:\/\/www.ifbaiano.edu.br\/unidades\/valenca\/wp-json\/wp\/v2\/categories?post=2270"},{"taxonomy":"post_tag","embeddable":true,"href":"https:\/\/www.ifbaiano.edu.br\/unidades\/valenca\/wp-json\/wp\/v2\/tags?post=2270"}],"curies":[{"name":"wp","href":"https:\/\/api.w.org\/{rel}","templated":true}]}}