{"id":2295,"date":"2012-09-20T14:52:39","date_gmt":"2012-09-20T14:52:39","guid":{"rendered":"http:\/\/www.ifbaiano.edu.br\/unidades\/valenca\/?p=2295"},"modified":"2012-10-08T13:57:31","modified_gmt":"2012-10-08T13:57:31","slug":"especie-tipica-da-mata-atlantica-e-resgatada-no-campus-de-valenca","status":"publish","type":"post","link":"https:\/\/www.ifbaiano.edu.br\/unidades\/valenca\/2012\/09\/20\/especie-tipica-da-mata-atlantica-e-resgatada-no-campus-de-valenca\/","title":{"rendered":"Esp\u00e9cie t\u00edpica da Mata Atl\u00e2ntica \u00e9 resgatada no campus de Valen\u00e7a"},"content":{"rendered":"\n\t\t<style type=\"text\/css\">\n\t\t\t#gallery-1 {\n\t\t\t\tmargin: auto;\n\t\t\t}\n\t\t\t#gallery-1 .gallery-item {\n\t\t\t\tfloat: left;\n\t\t\t\tmargin-top: 10px;\n\t\t\t\ttext-align: center;\n\t\t\t\twidth: 33%;\n\t\t\t}\n\t\t\t#gallery-1 img {\n\t\t\t\tborder: 2px solid #cfcfcf;\n\t\t\t}\n\t\t\t#gallery-1 .gallery-caption {\n\t\t\t\tmargin-left: 0;\n\t\t\t}\n\t\t\t\/* see gallery_shortcode() in wp-includes\/media.php *\/\n\t\t<\/style>\n\t\t<div id='gallery-1' class='gallery galleryid-2295 gallery-columns-3 gallery-size-thumbnail'><dl class='gallery-item'>\n\t\t\t<dt class='gallery-icon landscape'>\n\t\t\t\t<a href='https:\/\/www.ifbaiano.edu.br\/unidades\/valenca\/2012\/09\/20\/especie-tipica-da-mata-atlantica-e-resgatada-no-campus-de-valenca\/_dsc0288-2\/'><img width=\"150\" height=\"150\" src=\"https:\/\/www.ifbaiano.edu.br\/unidades\/valenca\/files\/2012\/09\/DSC02881-150x150.jpg\" class=\"attachment-thumbnail size-thumbnail\" alt=\"\" decoding=\"async\" loading=\"lazy\" \/><\/a>\n\t\t\t<\/dt><\/dl><dl class='gallery-item'>\n\t\t\t<dt class='gallery-icon landscape'>\n\t\t\t\t<a href='https:\/\/www.ifbaiano.edu.br\/unidades\/valenca\/2012\/09\/20\/especie-tipica-da-mata-atlantica-e-resgatada-no-campus-de-valenca\/_dsc0290-2\/'><img width=\"150\" height=\"150\" src=\"https:\/\/www.ifbaiano.edu.br\/unidades\/valenca\/files\/2012\/09\/DSC02901-150x150.jpg\" class=\"attachment-thumbnail size-thumbnail\" alt=\"\" decoding=\"async\" loading=\"lazy\" \/><\/a>\n\t\t\t<\/dt><\/dl>\n\t\t\t<br style='clear: both' \/>\n\t\t<\/div>\n\n<p>No \u00faltimo dia 19 de setembro no campus de Valen\u00e7a, durante trabalhos limpeza das \u00e1reas verdes do campus, funcion\u00e1rios avistaram tr\u00eas serpentes da esp\u00e9cie Boa constrictor, as quais foram resgatadas pelos mesmos sob a supervis\u00e3o do professor Tasso Lima, bi\u00f3logo e professor do Campus. Os animais foram depositados provisoriamente no laborat\u00f3rio do campus para posterior registro de ocorr\u00eancia, biometria e soltura em seu habitat natural. Na ocasi\u00e3o, estudantes entusiasmados do curso subsequente em Meio Ambiente tiveram oportunidade de visualizar de perto e aprofundar seus conhecimentos em contato com os animais em uma aula pr\u00e1tica. O professor afirmou que a esp\u00e9cie \u00e9 t\u00edpica da Mata Atl\u00e2ntica e que \u00e9 comum a sua ocorr\u00eancia em ambientes antr\u00f3picos e degradados, onde costuma alimentar-se de roedores. Adicionalmente, salientou a import\u00e2ncia da regi\u00e3o na qual se localiza o campus para fins de conserva\u00e7\u00e3o ambiental, j\u00e1 que abriga uma fauna representativa de vertebrados terrestres, incluindo anf\u00edbios e r\u00e9pteis, em especial. Conclui que a ocorr\u00eancia de animais silvestres no entorno do campus sugere necessidade de estudos e oportuniza aos estudantes a inicia\u00e7\u00e3o cient\u00edfica com foco em biodiversidade e sensibiliza os servidores quanto \u00e0 import\u00e2ncia da conserva\u00e7\u00e3o da natureza.<\/p>\n","protected":false},"excerpt":{"rendered":"<p>Os animais foram depositados provisoriamente no laborat\u00f3rio do campus.<\/p>\n","protected":false},"author":34,"featured_media":2296,"comment_status":"open","ping_status":"open","sticky":false,"template":"","format":"standard","meta":[],"categories":[5],"tags":[],"_links":{"self":[{"href":"https:\/\/www.ifbaiano.edu.br\/unidades\/valenca\/wp-json\/wp\/v2\/posts\/2295"}],"collection":[{"href":"https:\/\/www.ifbaiano.edu.br\/unidades\/valenca\/wp-json\/wp\/v2\/posts"}],"about":[{"href":"https:\/\/www.ifbaiano.edu.br\/unidades\/valenca\/wp-json\/wp\/v2\/types\/post"}],"author":[{"embeddable":true,"href":"https:\/\/www.ifbaiano.edu.br\/unidades\/valenca\/wp-json\/wp\/v2\/users\/34"}],"replies":[{"embeddable":true,"href":"https:\/\/www.ifbaiano.edu.br\/unidades\/valenca\/wp-json\/wp\/v2\/comments?post=2295"}],"version-history":[{"count":3,"href":"https:\/\/www.ifbaiano.edu.br\/unidades\/valenca\/wp-json\/wp\/v2\/posts\/2295\/revisions"}],"predecessor-version":[{"id":2352,"href":"https:\/\/www.ifbaiano.edu.br\/unidades\/valenca\/wp-json\/wp\/v2\/posts\/2295\/revisions\/2352"}],"wp:featuredmedia":[{"embeddable":true,"href":"https:\/\/www.ifbaiano.edu.br\/unidades\/valenca\/wp-json\/wp\/v2\/media\/2296"}],"wp:attachment":[{"href":"https:\/\/www.ifbaiano.edu.br\/unidades\/valenca\/wp-json\/wp\/v2\/media?parent=2295"}],"wp:term":[{"taxonomy":"category","embeddable":true,"href":"https:\/\/www.ifbaiano.edu.br\/unidades\/valenca\/wp-json\/wp\/v2\/categories?post=2295"},{"taxonomy":"post_tag","embeddable":true,"href":"https:\/\/www.ifbaiano.edu.br\/unidades\/valenca\/wp-json\/wp\/v2\/tags?post=2295"}],"curies":[{"name":"wp","href":"https:\/\/api.w.org\/{rel}","templated":true}]}}