{"id":2301,"date":"2012-09-28T01:28:15","date_gmt":"2012-09-28T01:28:15","guid":{"rendered":"http:\/\/www.ifbaiano.edu.br\/unidades\/valenca\/?p=2301"},"modified":"2012-10-08T13:54:24","modified_gmt":"2012-10-08T13:54:24","slug":"discente-e-bolsista-do-ifbaiano-campus-de-valenca-publicara-artigo-em-simposio","status":"publish","type":"post","link":"https:\/\/www.ifbaiano.edu.br\/unidades\/valenca\/2012\/09\/28\/discente-e-bolsista-do-ifbaiano-campus-de-valenca-publicara-artigo-em-simposio\/","title":{"rendered":"Discente e bolsista do IF Baiano campus de Valen\u00e7a publicar\u00e1 artigo em Simp\u00f3sio"},"content":{"rendered":"<p>&nbsp;<\/p>\n<p>A discente e bolsista do <em>campus<\/em> de Valen\u00e7a Sabrina dos Santos Ferreira, da Turma de Meio Ambiente, estar\u00e1 participando do III Simp\u00f3sio Cidades Pequenas e M\u00e9dias da Bahia, que ocorrer\u00e1 entre os dias 16 a 19 de outubro de 2012, na UEFS. Al\u00e9m da sua participa\u00e7\u00e3o, haver\u00e1 publica\u00e7\u00e3o do artigo gerado no per\u00edodo em que ela fora bolsista do Programa de Pesquisa IC Junior ano de 2011, intitulado &#8220;Caminhos poss\u00edveis para integra\u00e7\u00e3o do lazer e turismo em Valen\u00e7a \u2013 Bahia&#8221;.<br \/>\nA tem\u00e1tica central do Simp\u00f3sio ser\u00e1 &#8220;Desafios e Possibilidades do Planejamento e Gest\u00e3o&#8221;, o mesmo \u00e9 promovido pelos respectivos \u00f3rg\u00e3os e institui\u00e7\u00f5es: \u2018Geografia e Movimentos Sociais\u2019 (Geomov), vinculado \u00e0 UEFS; \u2018Urbaniza\u00e7\u00e3o e Produ\u00e7\u00e3o de Cidades na Bahia\u2019, vinculado ao Departamento e P\u00f3s-Gradua\u00e7\u00e3o (<em>lato sensu<\/em>) em Geografia da UESB; \u2018Cidade, Territ\u00f3rio e Planejamento\u2019 (CiTePlan), vinculado ao Departamento e Programa de P\u00f3s-Gradua\u00e7\u00e3o em Geografia da UFBA; \u2018Rec\u00f4ncavo: Territ\u00f3rio, Cultura, Mem\u00f3ria e Ambiente\u2019, vinculado ao Departamento de Ci\u00eancias Humanas e ao Mestrado Multidisciplinar em Cultura, Mem\u00f3ria e Desenvolvimento Regional da Uneb\/Campus Valen\u00e7a; e a Diretoria de Estudos da Superintend\u00eancia de Estudos Econ\u00f4micos e Sociais da Bahia (SEI).<\/p>\n<p>Segundo Anderson Epifania, professor de Geografia do <em>campus<\/em> Valen\u00e7a e Co-autor do trabalho, \u00e9 de extrema import\u00e2ncia poder participar desses f\u00f3runs, onde o di\u00e1logo direto entre pesquisadores das mais diversas institui\u00e7\u00f5es podem balizar novas experi\u00eancias sobre os espa\u00e7os em que estamos inseridos, inclusive trazendo novas leituras sobre as cidades pequenas e m\u00e9dias em que est\u00e3o instalados os Campi do IFBaiano, articulando ensino-pesquisa e extens\u00e3o a pr\u00e1tica do planejamento, cumprindo assim, parte da fun\u00e7\u00e3o social dos IF\u00b4s.<\/p>\n<p>Maiores informa\u00e7\u00f5es pelo site: http:\/\/www.sei.ba.gov.br\/index.php?option=com_content&amp;view=article&amp;id=1121:feira-de-santana-sediara-iii-simposio-cidades-medias-e-pequenas&amp;catid=1:latest-news&amp;Itemid=243<\/p>\n<p>ASCOM &#8211; Valen\u00e7a<\/p>\n","protected":false},"excerpt":{"rendered":"<p>O III Simp\u00f3sio Cidades Pequenas e M\u00e9dias da bahia \u00e9 realizado na Uefs<\/p>\n","protected":false},"author":34,"featured_media":0,"comment_status":"open","ping_status":"open","sticky":false,"template":"","format":"standard","meta":[],"categories":[5],"tags":[],"_links":{"self":[{"href":"https:\/\/www.ifbaiano.edu.br\/unidades\/valenca\/wp-json\/wp\/v2\/posts\/2301"}],"collection":[{"href":"https:\/\/www.ifbaiano.edu.br\/unidades\/valenca\/wp-json\/wp\/v2\/posts"}],"about":[{"href":"https:\/\/www.ifbaiano.edu.br\/unidades\/valenca\/wp-json\/wp\/v2\/types\/post"}],"author":[{"embeddable":true,"href":"https:\/\/www.ifbaiano.edu.br\/unidades\/valenca\/wp-json\/wp\/v2\/users\/34"}],"replies":[{"embeddable":true,"href":"https:\/\/www.ifbaiano.edu.br\/unidades\/valenca\/wp-json\/wp\/v2\/comments?post=2301"}],"version-history":[{"count":3,"href":"https:\/\/www.ifbaiano.edu.br\/unidades\/valenca\/wp-json\/wp\/v2\/posts\/2301\/revisions"}],"predecessor-version":[{"id":2349,"href":"https:\/\/www.ifbaiano.edu.br\/unidades\/valenca\/wp-json\/wp\/v2\/posts\/2301\/revisions\/2349"}],"wp:attachment":[{"href":"https:\/\/www.ifbaiano.edu.br\/unidades\/valenca\/wp-json\/wp\/v2\/media?parent=2301"}],"wp:term":[{"taxonomy":"category","embeddable":true,"href":"https:\/\/www.ifbaiano.edu.br\/unidades\/valenca\/wp-json\/wp\/v2\/categories?post=2301"},{"taxonomy":"post_tag","embeddable":true,"href":"https:\/\/www.ifbaiano.edu.br\/unidades\/valenca\/wp-json\/wp\/v2\/tags?post=2301"}],"curies":[{"name":"wp","href":"https:\/\/api.w.org\/{rel}","templated":true}]}}