{"id":2319,"date":"2012-09-28T01:43:11","date_gmt":"2012-09-28T01:43:11","guid":{"rendered":"http:\/\/www.ifbaiano.edu.br\/unidades\/valenca\/?p=2319"},"modified":"2012-09-28T01:43:11","modified_gmt":"2012-09-28T01:43:11","slug":"lista-de-candidatos-inscritos-no-processo-seletivo-simplificado-para-professor-temporario-na-area-de-meio-ambiente","status":"publish","type":"post","link":"https:\/\/www.ifbaiano.edu.br\/unidades\/valenca\/2012\/09\/28\/lista-de-candidatos-inscritos-no-processo-seletivo-simplificado-para-professor-temporario-na-area-de-meio-ambiente\/","title":{"rendered":"Lista de candidatos inscritos no Processo Seletivo Simplificado para professor tempor\u00e1rio na \u00e1rea de Meio Ambiente"},"content":{"rendered":"<p>A lista dos candidatos inscritos no Processo Seletivo Simplificado para professor tempor\u00e1rio na \u00e1rea de Meio Ambiente est\u00e1 divulgada em anexo.<a href='http:\/\/www.ifbaiano.edu.br\/unidades\/valenca\/files\/2012\/09\/Lista-de-Insc.pdf'>Lista de Insc<\/a><\/p>\n","protected":false},"excerpt":{"rendered":"<p>A lista dos candidatos inscritos no Processo Seletivo Simplificado para professor tempor\u00e1rio na \u00e1rea de Meio Ambiente est\u00e1 divulgada em anexo.Lista de Insc<\/p>\n","protected":false},"author":34,"featured_media":0,"comment_status":"open","ping_status":"open","sticky":false,"template":"","format":"standard","meta":[],"categories":[5],"tags":[],"_links":{"self":[{"href":"https:\/\/www.ifbaiano.edu.br\/unidades\/valenca\/wp-json\/wp\/v2\/posts\/2319"}],"collection":[{"href":"https:\/\/www.ifbaiano.edu.br\/unidades\/valenca\/wp-json\/wp\/v2\/posts"}],"about":[{"href":"https:\/\/www.ifbaiano.edu.br\/unidades\/valenca\/wp-json\/wp\/v2\/types\/post"}],"author":[{"embeddable":true,"href":"https:\/\/www.ifbaiano.edu.br\/unidades\/valenca\/wp-json\/wp\/v2\/users\/34"}],"replies":[{"embeddable":true,"href":"https:\/\/www.ifbaiano.edu.br\/unidades\/valenca\/wp-json\/wp\/v2\/comments?post=2319"}],"version-history":[{"count":2,"href":"https:\/\/www.ifbaiano.edu.br\/unidades\/valenca\/wp-json\/wp\/v2\/posts\/2319\/revisions"}],"predecessor-version":[{"id":2322,"href":"https:\/\/www.ifbaiano.edu.br\/unidades\/valenca\/wp-json\/wp\/v2\/posts\/2319\/revisions\/2322"}],"wp:attachment":[{"href":"https:\/\/www.ifbaiano.edu.br\/unidades\/valenca\/wp-json\/wp\/v2\/media?parent=2319"}],"wp:term":[{"taxonomy":"category","embeddable":true,"href":"https:\/\/www.ifbaiano.edu.br\/unidades\/valenca\/wp-json\/wp\/v2\/categories?post=2319"},{"taxonomy":"post_tag","embeddable":true,"href":"https:\/\/www.ifbaiano.edu.br\/unidades\/valenca\/wp-json\/wp\/v2\/tags?post=2319"}],"curies":[{"name":"wp","href":"https:\/\/api.w.org\/{rel}","templated":true}]}}