{"id":2324,"date":"2012-09-28T13:27:01","date_gmt":"2012-09-28T13:27:01","guid":{"rendered":"http:\/\/www.ifbaiano.edu.br\/unidades\/valenca\/?p=2324"},"modified":"2012-10-08T13:53:00","modified_gmt":"2012-10-08T13:53:00","slug":"debate-no-campus-de-valenca-para-a-comunidade-discente","status":"publish","type":"post","link":"https:\/\/www.ifbaiano.edu.br\/unidades\/valenca\/2012\/09\/28\/debate-no-campus-de-valenca-para-a-comunidade-discente\/","title":{"rendered":"Debate no campus de Valen\u00e7a para a comunidade discente"},"content":{"rendered":"<p>&nbsp;<\/p>\n<p>No pr\u00f3ximo s\u00e1bado (29\/10) \u00e0s 08h da manh\u00e3, ocorrer\u00e1 no <em>campus<\/em> de Valen\u00e7a, um debate com os candidados a Prefeitura Municipal da cidade, onde os mesmos estar\u00e3o respondendo \u00e0s perguntas dos eleitores participantes (alunos do <em>campus<\/em>) e futuros eleitores, pois boa parte do corpo discente estar\u00e1 indo \u00e0s urnas pela primeira vez.<\/p>\n<p>Este ato social e democr\u00e1tico servir\u00e1 para que os nossos alunos estejam confiantes na execu\u00e7\u00e3o do seu ato de cidad\u00e3o, estando concientes e esclarecidos em rela\u00e7\u00e3o \u00e0s propostas dos candidatos para melhor escolha no dia 07 de outubro (domingo), bem como a escola vai estar cumprindo o seu papel na forma\u00e7\u00e3o dos futuros homens e mulheres democr\u00e1ticos em seus atos pol\u00edticos.<\/p>\n<p>Esta \u00e9 uma a\u00e7\u00e3o conjunta entre o Gr\u00eamio Estudantil Edson Luis de Lima Souto (GEELLS) e a Dire\u00e7\u00e3o do IFBaiano campus de Valen\u00e7a.<\/p>\n<p>ASCOM &#8211; Valen\u00e7a<\/p>\n","protected":false},"excerpt":{"rendered":"<p>Candidatos \u00e0 prefeitura municipal responder\u00e3o as perguntas dos alunos.<\/p>\n","protected":false},"author":34,"featured_media":0,"comment_status":"open","ping_status":"open","sticky":false,"template":"","format":"standard","meta":[],"categories":[5],"tags":[],"_links":{"self":[{"href":"https:\/\/www.ifbaiano.edu.br\/unidades\/valenca\/wp-json\/wp\/v2\/posts\/2324"}],"collection":[{"href":"https:\/\/www.ifbaiano.edu.br\/unidades\/valenca\/wp-json\/wp\/v2\/posts"}],"about":[{"href":"https:\/\/www.ifbaiano.edu.br\/unidades\/valenca\/wp-json\/wp\/v2\/types\/post"}],"author":[{"embeddable":true,"href":"https:\/\/www.ifbaiano.edu.br\/unidades\/valenca\/wp-json\/wp\/v2\/users\/34"}],"replies":[{"embeddable":true,"href":"https:\/\/www.ifbaiano.edu.br\/unidades\/valenca\/wp-json\/wp\/v2\/comments?post=2324"}],"version-history":[{"count":4,"href":"https:\/\/www.ifbaiano.edu.br\/unidades\/valenca\/wp-json\/wp\/v2\/posts\/2324\/revisions"}],"predecessor-version":[{"id":2347,"href":"https:\/\/www.ifbaiano.edu.br\/unidades\/valenca\/wp-json\/wp\/v2\/posts\/2324\/revisions\/2347"}],"wp:attachment":[{"href":"https:\/\/www.ifbaiano.edu.br\/unidades\/valenca\/wp-json\/wp\/v2\/media?parent=2324"}],"wp:term":[{"taxonomy":"category","embeddable":true,"href":"https:\/\/www.ifbaiano.edu.br\/unidades\/valenca\/wp-json\/wp\/v2\/categories?post=2324"},{"taxonomy":"post_tag","embeddable":true,"href":"https:\/\/www.ifbaiano.edu.br\/unidades\/valenca\/wp-json\/wp\/v2\/tags?post=2324"}],"curies":[{"name":"wp","href":"https:\/\/api.w.org\/{rel}","templated":true}]}}