{"id":2327,"date":"2012-10-01T17:01:17","date_gmt":"2012-10-01T17:01:17","guid":{"rendered":"http:\/\/www.ifbaiano.edu.br\/unidades\/valenca\/?p=2327"},"modified":"2012-10-08T13:51:17","modified_gmt":"2012-10-08T13:51:17","slug":"1%c2%ba-forum-de-energia-e-sustentabilidade","status":"publish","type":"post","link":"https:\/\/www.ifbaiano.edu.br\/unidades\/valenca\/2012\/10\/01\/1%c2%ba-forum-de-energia-e-sustentabilidade\/","title":{"rendered":"1\u00ba F\u00f3rum de Energia e Sustentabilidade"},"content":{"rendered":"<p><a href=\"http:\/\/www.ifbaiano.edu.br\/unidades\/valenca\/files\/2012\/10\/Modelo-VeRdE-1.jpg\"><img decoding=\"async\" loading=\"lazy\" class=\"aligncenter size-medium wp-image-2328\" src=\"http:\/\/www.ifbaiano.edu.br\/unidades\/valenca\/files\/2012\/10\/Modelo-VeRdE-1-296x300.jpg\" alt=\"\" width=\"296\" height=\"300\" srcset=\"https:\/\/www.ifbaiano.edu.br\/unidades\/valenca\/files\/2012\/10\/Modelo-VeRdE-1-296x300.jpg 296w, https:\/\/www.ifbaiano.edu.br\/unidades\/valenca\/files\/2012\/10\/Modelo-VeRdE-1-400x404.jpg 400w, https:\/\/www.ifbaiano.edu.br\/unidades\/valenca\/files\/2012\/10\/Modelo-VeRdE-1.jpg 417w\" sizes=\"(max-width: 296px) 100vw, 296px\" \/><\/a>Acontecer\u00e1 entre os dias 20 e 27 de outubro no audit\u00f3rio do IF Baiano <em>campus<\/em> de Valen\u00e7a, das 07:30 \u00e0s 11:30 o 1\u00ba Simp\u00f3sio de Energia e Sustentabilidade. Esta \u00e9 uma iniciativa das turmas do segundo ano do ensino M\u00e9dio, sob orienta\u00e7\u00e3o dos professores de Geografia e F\u00edsica do <em>campus<\/em>.<\/p>\n","protected":false},"excerpt":{"rendered":"<p>O evento ocorre entre os dias 20 e 27 de outubro no campus Valen\u00e7a.<\/p>\n","protected":false},"author":34,"featured_media":0,"comment_status":"open","ping_status":"open","sticky":false,"template":"","format":"standard","meta":[],"categories":[34],"tags":[],"_links":{"self":[{"href":"https:\/\/www.ifbaiano.edu.br\/unidades\/valenca\/wp-json\/wp\/v2\/posts\/2327"}],"collection":[{"href":"https:\/\/www.ifbaiano.edu.br\/unidades\/valenca\/wp-json\/wp\/v2\/posts"}],"about":[{"href":"https:\/\/www.ifbaiano.edu.br\/unidades\/valenca\/wp-json\/wp\/v2\/types\/post"}],"author":[{"embeddable":true,"href":"https:\/\/www.ifbaiano.edu.br\/unidades\/valenca\/wp-json\/wp\/v2\/users\/34"}],"replies":[{"embeddable":true,"href":"https:\/\/www.ifbaiano.edu.br\/unidades\/valenca\/wp-json\/wp\/v2\/comments?post=2327"}],"version-history":[{"count":4,"href":"https:\/\/www.ifbaiano.edu.br\/unidades\/valenca\/wp-json\/wp\/v2\/posts\/2327\/revisions"}],"predecessor-version":[{"id":2413,"href":"https:\/\/www.ifbaiano.edu.br\/unidades\/valenca\/wp-json\/wp\/v2\/posts\/2327\/revisions\/2413"}],"wp:attachment":[{"href":"https:\/\/www.ifbaiano.edu.br\/unidades\/valenca\/wp-json\/wp\/v2\/media?parent=2327"}],"wp:term":[{"taxonomy":"category","embeddable":true,"href":"https:\/\/www.ifbaiano.edu.br\/unidades\/valenca\/wp-json\/wp\/v2\/categories?post=2327"},{"taxonomy":"post_tag","embeddable":true,"href":"https:\/\/www.ifbaiano.edu.br\/unidades\/valenca\/wp-json\/wp\/v2\/tags?post=2327"}],"curies":[{"name":"wp","href":"https:\/\/api.w.org\/{rel}","templated":true}]}}