{"id":2331,"date":"2012-10-04T17:08:13","date_gmt":"2012-10-04T17:08:13","guid":{"rendered":"http:\/\/www.ifbaiano.edu.br\/unidades\/valenca\/?p=2331"},"modified":"2012-10-08T13:49:35","modified_gmt":"2012-10-08T13:49:35","slug":"campus-valenca-marca-presenca-na-11%c2%aa-femmic2012","status":"publish","type":"post","link":"https:\/\/www.ifbaiano.edu.br\/unidades\/valenca\/2012\/10\/04\/campus-valenca-marca-presenca-na-11%c2%aa-femmic2012\/","title":{"rendered":"Campus Valen\u00e7a marca presen\u00e7a na 11\u00aa FEMMIC\/2012"},"content":{"rendered":"<p>Durante o per\u00edodo de 23 a 26 de setembro de 2012 ocorreu a 11\u00aa Feira dos Munic\u00edpios e Mostra de Inicia\u00e7\u00e3o Cient\u00edfica \u2013 FEMMIC, realizada no <em>campus<\/em> Catu. Na oportunidade, as alunas Adelma Souza Crispim, Leislane Concei\u00e7\u00e3o Silva e Lidiane de Jesus Santos apresentaram o projeto de pesquisa: Meio Ambiente e o Ensino T\u00e9cnico: representa\u00e7\u00f5es sociais e sua influ\u00eancia sobre a forma\u00e7\u00e3o profissional dos alunos do IFBaiano, sob a orienta\u00e7\u00e3o da Professora Elielma Santana Fernandes; e a aluna Lennise Costa Concei\u00e7\u00e3o, apresentou o projeto de extens\u00e3o: Mulheres Mil em A\u00e7\u00e3o: Produ\u00e7\u00e3o de sab\u00e3o caseiro a partir do \u00f3leo de cozinha sob a orienta\u00e7\u00e3o do Professor Fl\u00e1vio Jos\u00e9 Assis Barony. Todas as alunas s\u00e3o do 3\u00ba per\u00edodo do Curso T\u00e9cnico em Meio Ambiente.<\/p>\n<p>Os professores do curso T\u00e9cnico em Meio Ambiente, assim como os orientadores, parabenizam as alunas pelos trabalhos desenvolvidos e apresentados.<\/p>\n<p>ASCOM &#8211; Valen\u00e7a<\/p>\n","protected":false},"excerpt":{"rendered":"<p>O evento ocorreu no per\u00edodo de 23 a 26 de setembro de 2012.<\/p>\n","protected":false},"author":34,"featured_media":0,"comment_status":"open","ping_status":"open","sticky":false,"template":"","format":"standard","meta":[],"categories":[5],"tags":[],"_links":{"self":[{"href":"https:\/\/www.ifbaiano.edu.br\/unidades\/valenca\/wp-json\/wp\/v2\/posts\/2331"}],"collection":[{"href":"https:\/\/www.ifbaiano.edu.br\/unidades\/valenca\/wp-json\/wp\/v2\/posts"}],"about":[{"href":"https:\/\/www.ifbaiano.edu.br\/unidades\/valenca\/wp-json\/wp\/v2\/types\/post"}],"author":[{"embeddable":true,"href":"https:\/\/www.ifbaiano.edu.br\/unidades\/valenca\/wp-json\/wp\/v2\/users\/34"}],"replies":[{"embeddable":true,"href":"https:\/\/www.ifbaiano.edu.br\/unidades\/valenca\/wp-json\/wp\/v2\/comments?post=2331"}],"version-history":[{"count":3,"href":"https:\/\/www.ifbaiano.edu.br\/unidades\/valenca\/wp-json\/wp\/v2\/posts\/2331\/revisions"}],"predecessor-version":[{"id":2345,"href":"https:\/\/www.ifbaiano.edu.br\/unidades\/valenca\/wp-json\/wp\/v2\/posts\/2331\/revisions\/2345"}],"wp:attachment":[{"href":"https:\/\/www.ifbaiano.edu.br\/unidades\/valenca\/wp-json\/wp\/v2\/media?parent=2331"}],"wp:term":[{"taxonomy":"category","embeddable":true,"href":"https:\/\/www.ifbaiano.edu.br\/unidades\/valenca\/wp-json\/wp\/v2\/categories?post=2331"},{"taxonomy":"post_tag","embeddable":true,"href":"https:\/\/www.ifbaiano.edu.br\/unidades\/valenca\/wp-json\/wp\/v2\/tags?post=2331"}],"curies":[{"name":"wp","href":"https:\/\/api.w.org\/{rel}","templated":true}]}}