{"id":2334,"date":"2012-10-04T17:34:03","date_gmt":"2012-10-04T17:34:03","guid":{"rendered":"http:\/\/www.ifbaiano.edu.br\/unidades\/valenca\/?p=2334"},"modified":"2012-10-08T13:47:52","modified_gmt":"2012-10-08T13:47:52","slug":"resultado-preliminar-do-processo-seletivo-para-professor-temporario-de-meio-ambiente","status":"publish","type":"post","link":"https:\/\/www.ifbaiano.edu.br\/unidades\/valenca\/2012\/10\/04\/resultado-preliminar-do-processo-seletivo-para-professor-temporario-de-meio-ambiente\/","title":{"rendered":"Resultado preliminar do processo seletivo para professor tempor\u00e1rio de Meio Ambiente"},"content":{"rendered":"<p><a href=\"http:\/\/www.ifbaiano.edu.br\/unidades\/valenca\/files\/2012\/10\/Resultado-Preliminar-Edital-156.jpg\"><img decoding=\"async\" loading=\"lazy\" class=\"aligncenter size-medium wp-image-2335\" src=\"http:\/\/www.ifbaiano.edu.br\/unidades\/valenca\/files\/2012\/10\/Resultado-Preliminar-Edital-156-218x300.jpg\" alt=\"\" width=\"218\" height=\"300\" srcset=\"https:\/\/www.ifbaiano.edu.br\/unidades\/valenca\/files\/2012\/10\/Resultado-Preliminar-Edital-156-218x300.jpg 218w, https:\/\/www.ifbaiano.edu.br\/unidades\/valenca\/files\/2012\/10\/Resultado-Preliminar-Edital-156-744x1024.jpg 744w, https:\/\/www.ifbaiano.edu.br\/unidades\/valenca\/files\/2012\/10\/Resultado-Preliminar-Edital-156-400x550.jpg 400w, https:\/\/www.ifbaiano.edu.br\/unidades\/valenca\/files\/2012\/10\/Resultado-Preliminar-Edital-156.jpg 1700w\" sizes=\"(max-width: 218px) 100vw, 218px\" \/><\/a> Conforme Edital n\u00ba 156 de 13 de setembro de 2012, caber\u00e1 recurso contra a Prova de Desempenho Did\u00e1tico (itens4.2.16. e 4.2.17. do Edital) e contra a Prova de T\u00edtulos (itens 4.3.5.; 4.3.6. e 4.3.7.) que dever\u00e1 ser encaminhado \u00e0 Comiss\u00e3o do Processo Seletivo no prazo, improrrog\u00e1vel, de at\u00e9 24 (vinte e quatro) horas da publica\u00e7\u00e3o do resultado no s\u00edtio www.ifbaiano.edu.br ou www.ifbaiano.edu.br\/unidades\/valenca. Informamos que a divulga\u00e7\u00e3o do resultado se deu \u00e0s 14h40min do dia 04 de outubro de 2012.RESULTADO PRELIMINAR<\/p>\n","protected":false},"excerpt":{"rendered":"<p>Os recursos podem ser interpostos at\u00e9 24 horas depois da publica\u00e7\u00e3o dos resultados.<\/p>\n","protected":false},"author":34,"featured_media":2335,"comment_status":"open","ping_status":"open","sticky":false,"template":"","format":"standard","meta":[],"categories":[5],"tags":[],"_links":{"self":[{"href":"https:\/\/www.ifbaiano.edu.br\/unidades\/valenca\/wp-json\/wp\/v2\/posts\/2334"}],"collection":[{"href":"https:\/\/www.ifbaiano.edu.br\/unidades\/valenca\/wp-json\/wp\/v2\/posts"}],"about":[{"href":"https:\/\/www.ifbaiano.edu.br\/unidades\/valenca\/wp-json\/wp\/v2\/types\/post"}],"author":[{"embeddable":true,"href":"https:\/\/www.ifbaiano.edu.br\/unidades\/valenca\/wp-json\/wp\/v2\/users\/34"}],"replies":[{"embeddable":true,"href":"https:\/\/www.ifbaiano.edu.br\/unidades\/valenca\/wp-json\/wp\/v2\/comments?post=2334"}],"version-history":[{"count":3,"href":"https:\/\/www.ifbaiano.edu.br\/unidades\/valenca\/wp-json\/wp\/v2\/posts\/2334\/revisions"}],"predecessor-version":[{"id":2343,"href":"https:\/\/www.ifbaiano.edu.br\/unidades\/valenca\/wp-json\/wp\/v2\/posts\/2334\/revisions\/2343"}],"wp:featuredmedia":[{"embeddable":true,"href":"https:\/\/www.ifbaiano.edu.br\/unidades\/valenca\/wp-json\/wp\/v2\/media\/2335"}],"wp:attachment":[{"href":"https:\/\/www.ifbaiano.edu.br\/unidades\/valenca\/wp-json\/wp\/v2\/media?parent=2334"}],"wp:term":[{"taxonomy":"category","embeddable":true,"href":"https:\/\/www.ifbaiano.edu.br\/unidades\/valenca\/wp-json\/wp\/v2\/categories?post=2334"},{"taxonomy":"post_tag","embeddable":true,"href":"https:\/\/www.ifbaiano.edu.br\/unidades\/valenca\/wp-json\/wp\/v2\/tags?post=2334"}],"curies":[{"name":"wp","href":"https:\/\/api.w.org\/{rel}","templated":true}]}}