{"id":2624,"date":"2013-01-11T12:44:00","date_gmt":"2013-01-11T12:44:00","guid":{"rendered":"http:\/\/www.ifbaiano.edu.br\/unidades\/valenca\/?p=2624"},"modified":"2013-01-15T15:42:35","modified_gmt":"2013-01-15T15:42:35","slug":"resultado-final-do-processo-seletivo-simplificado","status":"publish","type":"post","link":"https:\/\/www.ifbaiano.edu.br\/unidades\/valenca\/2013\/01\/11\/resultado-final-do-processo-seletivo-simplificado\/","title":{"rendered":"Resultado Final do Processo Seletivo Simplificado"},"content":{"rendered":"<p>EXTRATO DE EDITAL No- 206, DE 26 DE DEZEMBRO DE 2012<br \/>\nRESULTADO FINAL DO PROCESSO SELETIVO SIMPLIFICADO<\/p>\n<p>O Reitor do Instituto Federal de Educa\u00e7\u00e3o, Ci\u00eancia e Tecnologia Baiano, no uso de suas atribui\u00e7\u00f5es legais, homologa o resultado final do Processo Seletivo Simplificado de Professor Substituto, Campus Valen\u00e7a, objeto do edital no- 191\/2012, de 30 de novembro<br \/>\nde 2012, conforme publica\u00e7\u00e3o do DOU que segue anexada:<a href='http:\/\/www.ifbaiano.edu.br\/unidades\/valenca\/files\/2013\/01\/resultado-homologado1.pdf'>resultado homologado<\/a><\/p>\n","protected":false},"excerpt":{"rendered":"<p>EXTRATO DE EDITAL No- 206, DE 26 DE DEZEMBRO DE 2012 RESULTADO FINAL DO PROCESSO SELETIVO SIMPLIFICADO O Reitor do Instituto Federal de Educa\u00e7\u00e3o, Ci\u00eancia e Tecnologia Baiano, no uso de suas atribui\u00e7\u00f5es legais, homologa o resultado final do Processo Seletivo Simplificado de Professor Substituto, Campus Valen\u00e7a, objeto do edital no- 191\/2012, de 30 de [&hellip;]<\/p>\n","protected":false},"author":34,"featured_media":0,"comment_status":"open","ping_status":"open","sticky":false,"template":"","format":"standard","meta":[],"categories":[5,9],"tags":[],"_links":{"self":[{"href":"https:\/\/www.ifbaiano.edu.br\/unidades\/valenca\/wp-json\/wp\/v2\/posts\/2624"}],"collection":[{"href":"https:\/\/www.ifbaiano.edu.br\/unidades\/valenca\/wp-json\/wp\/v2\/posts"}],"about":[{"href":"https:\/\/www.ifbaiano.edu.br\/unidades\/valenca\/wp-json\/wp\/v2\/types\/post"}],"author":[{"embeddable":true,"href":"https:\/\/www.ifbaiano.edu.br\/unidades\/valenca\/wp-json\/wp\/v2\/users\/34"}],"replies":[{"embeddable":true,"href":"https:\/\/www.ifbaiano.edu.br\/unidades\/valenca\/wp-json\/wp\/v2\/comments?post=2624"}],"version-history":[{"count":6,"href":"https:\/\/www.ifbaiano.edu.br\/unidades\/valenca\/wp-json\/wp\/v2\/posts\/2624\/revisions"}],"predecessor-version":[{"id":2628,"href":"https:\/\/www.ifbaiano.edu.br\/unidades\/valenca\/wp-json\/wp\/v2\/posts\/2624\/revisions\/2628"}],"wp:attachment":[{"href":"https:\/\/www.ifbaiano.edu.br\/unidades\/valenca\/wp-json\/wp\/v2\/media?parent=2624"}],"wp:term":[{"taxonomy":"category","embeddable":true,"href":"https:\/\/www.ifbaiano.edu.br\/unidades\/valenca\/wp-json\/wp\/v2\/categories?post=2624"},{"taxonomy":"post_tag","embeddable":true,"href":"https:\/\/www.ifbaiano.edu.br\/unidades\/valenca\/wp-json\/wp\/v2\/tags?post=2624"}],"curies":[{"name":"wp","href":"https:\/\/api.w.org\/{rel}","templated":true}]}}