{"id":2633,"date":"2013-01-15T16:24:53","date_gmt":"2013-01-15T16:24:53","guid":{"rendered":"http:\/\/www.ifbaiano.edu.br\/unidades\/valenca\/?p=2633"},"modified":"2013-01-15T16:24:53","modified_gmt":"2013-01-15T16:24:53","slug":"i-gincana-integra-if","status":"publish","type":"post","link":"https:\/\/www.ifbaiano.edu.br\/unidades\/valenca\/2013\/01\/15\/i-gincana-integra-if\/","title":{"rendered":"I Gincana Integra IF"},"content":{"rendered":"<p>A comunidade acad\u00eamica do Instituto Federal de Educa\u00e7\u00e3o, Ci\u00eancia e Tecnologia Baiano\/ campus Valen\u00e7a realizar\u00e1 no per\u00edodo de 16 a 19 de janeiro do ano corrente, a I Gincana Integra. O evento ser\u00e1 promovido pelos servidores da unidade, visando conscientizar e refletir sobre quest\u00f5es ambientais, assim como, promover a socializa\u00e7\u00e3o dos alunos, sobretudo, porque eles ser\u00e3o os maiores propagadores dessas discuss\u00f5es.<br \/>\nNessa perspectiva, a atividade para al\u00e9m de oferecer aos discentes um momento l\u00fadico, tamb\u00e9m oportunizar\u00e1 um olhar mais criterioso sobre o tema proposto, a saber: PLANETARIDADE E SUSTENTABILIDADE. Para isso, muitas tarefas ser\u00e3o realizadas ao longo do evento, dentre elas: Tarefa rel\u00e2mpago \u2013 produ\u00e7\u00e3o liter\u00e1ria \u2013 sarau sustent\u00e1vel: poema e m\u00fasica.<br \/>\nEm suma, a I Gincana Integra refor\u00e7a tr\u00eas fortes elementos centrais: integra\u00e7\u00e3o, conscientiza\u00e7\u00e3o e discuss\u00e3o. Para conhecer melhor as demais atividades basta conferir a programa\u00e7\u00e3o abaixo:<\/p>\n<p> 16\/01\/2013:<\/p>\n<p>Desfile tem\u00e1tico de abertura da gincana com utiliza\u00e7\u00e3o de material reciclado;<\/p>\n<p>\u2022Tarefa rel\u00e2mpago \u2013 arte recicl\u00e1vel \u2013 entrega no dia seguinte<\/p>\n<p>17\/01\/2013<\/p>\n<p>\u2022Tarefas: ca\u00e7a ao tesouro;<\/p>\n<p>\u2022Torta na cara<\/p>\n<p>\u2022Olimpiada \u2013 atividade da disciplina de Educa\u00e7\u00e3o F\u00edsica<\/p>\n<p>\u2022Performance; dan\u00e7a relacionada \u00e0 tem\u00e1tica<\/p>\n<p>\u2022GATO DE DEZ BOTAS &#8211; Limpeza de Guaibim \u2013 coleta seletiva (5 pessoas por equipe) \u2013 teto para coleta \u2013 30 min<\/p>\n<p>Vidro: 20 pontos por quilo<\/p>\n<p>Metal: 15 pontos por quilo<\/p>\n<p>Pl\u00e1stico  10 pontos por quilo<\/p>\n<p>papel  05 pontos por quilo<\/p>\n<p> providenciar luvas e botas e chap\u00e9u<\/p>\n<p>.Tarefa rel\u00e2mpago \u2013  produ\u00e7\u00e3o liter\u00e1ria \u2013  sarau sustent\u00e1vel: poema e m\u00fasica<\/p>\n<p>18\/01\/2013<\/p>\n<p>\u2022 Constru\u00e7\u00e3o de equipamento com material reciclado \u2013 brinquedos com material reciclado &#8211; quantidade e funcionalidade \u2013 2 horas \u2013 200 pontos<\/p>\n<p> \u2022Plantio de plantas nativas; mudas florestais;<\/p>\n<p>\u2022 Entrega de latinhas; Garrafa pet; lacre de latas;- peso \u2013 saco de lixo \u2013 10 pontos por quilo<\/p>\n<p>\u2022 Coleta de \u00f3leo de cozinha usado; 10 pontos por litro<\/p>\n<p>\u2022 Coleta de bateria de celular, pilhas \u2013 10 pontos por bateria de celular e 1 ponto por pilha<\/p>\n<p>\u2022Desfile: Garoto e Garota sustent\u00e1vel  (premia\u00e7\u00e3o \u2013 passeio)- 400 pontos<br \/>\n350<\/p>\n<p>\u2022 Tarefa \u2013 Valen\u00e7a Ontem e Hoje \u2013 painel de fotos e imagens<\/p>\n<p>Apresenta\u00e7\u00e3o em move make \u2013 em formato de clipe(participa\u00e7\u00e3o = 100 pontos<\/p>\n<p>200 decrescente<\/p>\n<p>19\/01\/2013<\/p>\n<p>\u2022Passeio da equipe ganhadora \u2013 Itacar\u00e9  (50 pessoas)<\/p>\n<p>A equipe \u2013 cerca 40 pessoas;<\/p>\n<p>O garoto e a garota sustent\u00e1vel<\/p>\n<p>Membros da comiss\u00e3o organizadora<\/p>\n<p>PASSEIO:<\/p>\n<p>SA\u00cdDA- 6h (concentra\u00e7\u00e3o \u00e0s 5:30h)<\/p>\n<p>Roteiro de visitas: a estabelecer<\/p>\n<p>Almo\u00e7o \u2013 PF em restaurante<\/p>\n<p>Lanches \u2013 refrigerante, biscoitos; cachorro-quente<br \/>\nRetorno: 16h<\/p>\n<p>ASCOM-Valen\u00e7a<\/p>\n","protected":false},"excerpt":{"rendered":"<p>A comunidade acad\u00eamica do Instituto Federal de Educa\u00e7\u00e3o, Ci\u00eancia e Tecnologia Baiano\/ campus Valen\u00e7a realizar\u00e1 no per\u00edodo de 16 a 19 de janeiro do ano corrente, a I Gincana Integra. O evento ser\u00e1 promovido pelos servidores da unidade, visando conscientizar e refletir sobre quest\u00f5es ambientais, assim como, promover a socializa\u00e7\u00e3o dos alunos, sobretudo, porque eles [&hellip;]<\/p>\n","protected":false},"author":34,"featured_media":0,"comment_status":"open","ping_status":"open","sticky":false,"template":"","format":"standard","meta":[],"categories":[34],"tags":[],"_links":{"self":[{"href":"https:\/\/www.ifbaiano.edu.br\/unidades\/valenca\/wp-json\/wp\/v2\/posts\/2633"}],"collection":[{"href":"https:\/\/www.ifbaiano.edu.br\/unidades\/valenca\/wp-json\/wp\/v2\/posts"}],"about":[{"href":"https:\/\/www.ifbaiano.edu.br\/unidades\/valenca\/wp-json\/wp\/v2\/types\/post"}],"author":[{"embeddable":true,"href":"https:\/\/www.ifbaiano.edu.br\/unidades\/valenca\/wp-json\/wp\/v2\/users\/34"}],"replies":[{"embeddable":true,"href":"https:\/\/www.ifbaiano.edu.br\/unidades\/valenca\/wp-json\/wp\/v2\/comments?post=2633"}],"version-history":[{"count":2,"href":"https:\/\/www.ifbaiano.edu.br\/unidades\/valenca\/wp-json\/wp\/v2\/posts\/2633\/revisions"}],"predecessor-version":[{"id":2635,"href":"https:\/\/www.ifbaiano.edu.br\/unidades\/valenca\/wp-json\/wp\/v2\/posts\/2633\/revisions\/2635"}],"wp:attachment":[{"href":"https:\/\/www.ifbaiano.edu.br\/unidades\/valenca\/wp-json\/wp\/v2\/media?parent=2633"}],"wp:term":[{"taxonomy":"category","embeddable":true,"href":"https:\/\/www.ifbaiano.edu.br\/unidades\/valenca\/wp-json\/wp\/v2\/categories?post=2633"},{"taxonomy":"post_tag","embeddable":true,"href":"https:\/\/www.ifbaiano.edu.br\/unidades\/valenca\/wp-json\/wp\/v2\/tags?post=2633"}],"curies":[{"name":"wp","href":"https:\/\/api.w.org\/{rel}","templated":true}]}}