{"id":2638,"date":"2013-01-16T12:31:04","date_gmt":"2013-01-16T12:31:04","guid":{"rendered":"http:\/\/www.ifbaiano.edu.br\/unidades\/valenca\/?p=2638"},"modified":"2013-04-17T23:48:51","modified_gmt":"2013-04-17T23:48:51","slug":"prodin-intinerante","status":"publish","type":"post","link":"https:\/\/www.ifbaiano.edu.br\/unidades\/valenca\/2013\/01\/16\/prodin-intinerante\/","title":{"rendered":"PRODIN ITINERANTE"},"content":{"rendered":"<p>O IFBaiano por meio da Pr\u00f3-reitoria de Desenvolvimento Institucional promoveu no dia 16 do ano corrente um encontro com os servidores do <em>campus<\/em> Valen\u00e7a, para apresentar as a\u00e7\u00f5es vindouras, ou melhor, o planejamento institucional para 2013. A servidora, Kelly Cristina Brito, representante e porta-voz daquela Pr\u00f3-reitoria, elencou v\u00e1rios t\u00f3picos pensados para a avalia\u00e7\u00e3o do plano de a\u00e7\u00e3o de 2012, reiterando que as a\u00e7\u00f5es estrat\u00e9gicas para o ano vigente seriam extra\u00eddas a partir daquela an\u00e1lise. O tema norteador &#8220;Planejamento como instrumento de gest\u00e3o&#8221; \u00e9 uma preocupa\u00e7\u00e3o da institui\u00e7\u00e3o, na tentativa de minimizar as demandas do <em>campus<\/em>, a saber: efici\u00eancia e efic\u00e1cia nos processos formativos; inclus\u00e3o\/perman\u00eancia (assist\u00eancia estudantil); projetos de pesquisa e inova\u00e7\u00e3o tecnol\u00f3gica; gest\u00e3o e outras. Pelas raz\u00f5es expostas, os servidores come\u00e7aram a pensar as quest\u00f5es de diferentes natureza, para da\u00ed, mapearem o que de fato servir\u00e1 como plano de a\u00e7\u00e3o para 2013.<\/p>\n<p>ASCOM-Valen\u00e7a<\/p>\n","protected":false},"excerpt":{"rendered":"<p>O IFBaiano por meio da Pr\u00f3-reitoria de Desenvolvimento Institucional promoveu no dia 16 do ano corrente um encontro com os servidores do campus Valen\u00e7a, para apresentar as a\u00e7\u00f5es vindouras, ou melhor, o planejamento institucional para 2013. A servidora, Kelly Cristina Brito, representante e porta-voz daquela Pr\u00f3-reitoria, elencou v\u00e1rios t\u00f3picos pensados para a avalia\u00e7\u00e3o do plano [&hellip;]<\/p>\n","protected":false},"author":34,"featured_media":0,"comment_status":"open","ping_status":"open","sticky":false,"template":"","format":"standard","meta":[],"categories":[34],"tags":[],"_links":{"self":[{"href":"https:\/\/www.ifbaiano.edu.br\/unidades\/valenca\/wp-json\/wp\/v2\/posts\/2638"}],"collection":[{"href":"https:\/\/www.ifbaiano.edu.br\/unidades\/valenca\/wp-json\/wp\/v2\/posts"}],"about":[{"href":"https:\/\/www.ifbaiano.edu.br\/unidades\/valenca\/wp-json\/wp\/v2\/types\/post"}],"author":[{"embeddable":true,"href":"https:\/\/www.ifbaiano.edu.br\/unidades\/valenca\/wp-json\/wp\/v2\/users\/34"}],"replies":[{"embeddable":true,"href":"https:\/\/www.ifbaiano.edu.br\/unidades\/valenca\/wp-json\/wp\/v2\/comments?post=2638"}],"version-history":[{"count":4,"href":"https:\/\/www.ifbaiano.edu.br\/unidades\/valenca\/wp-json\/wp\/v2\/posts\/2638\/revisions"}],"predecessor-version":[{"id":2842,"href":"https:\/\/www.ifbaiano.edu.br\/unidades\/valenca\/wp-json\/wp\/v2\/posts\/2638\/revisions\/2842"}],"wp:attachment":[{"href":"https:\/\/www.ifbaiano.edu.br\/unidades\/valenca\/wp-json\/wp\/v2\/media?parent=2638"}],"wp:term":[{"taxonomy":"category","embeddable":true,"href":"https:\/\/www.ifbaiano.edu.br\/unidades\/valenca\/wp-json\/wp\/v2\/categories?post=2638"},{"taxonomy":"post_tag","embeddable":true,"href":"https:\/\/www.ifbaiano.edu.br\/unidades\/valenca\/wp-json\/wp\/v2\/tags?post=2638"}],"curies":[{"name":"wp","href":"https:\/\/api.w.org\/{rel}","templated":true}]}}