{"id":3172,"date":"2013-10-28T18:24:25","date_gmt":"2013-10-28T18:24:25","guid":{"rendered":"http:\/\/www.ifbaiano.edu.br\/unidades\/valenca\/?p=3172"},"modified":"2014-09-10T16:38:45","modified_gmt":"2014-09-10T16:38:45","slug":"alunas-do-campus-valenca-recebem-premiacao-na-mic","status":"publish","type":"post","link":"https:\/\/www.ifbaiano.edu.br\/unidades\/valenca\/2013\/10\/28\/alunas-do-campus-valenca-recebem-premiacao-na-mic\/","title":{"rendered":"Alunos do curso de Meio Ambiente do campus Valen\u00e7a destacam-se mais uma vez em evento cient\u00edfico."},"content":{"rendered":"<p><span style=\"color: #ffffff\">Ap\u00f3s a participa\u00e7\u00e3o ativa na realiza\u00e7\u00e3o e na qualifica\u00e7\u00e3o do primeiro encontro de Meio Ambiente no IFBaiano (EMAIF), evento que consolidou o campus Valen\u00e7a&#8230;<\/span><\/p>\n<p>Ap\u00f3s a participa\u00e7\u00e3o ativa na realiza\u00e7\u00e3o e na qualifica\u00e7\u00e3o do primeiro encontro de Meio Ambiente no IFBaiano (EMAIF), evento que consolidou o <img decoding=\"async\" loading=\"lazy\" class=\"alignright\" src=\"http:\/\/www.ifbaiano.edu.br\/unidades\/valenca\/files\/2013\/10\/MIC-Cortada2.png\" alt=\"\" width=\"359\" height=\"239\" \/>campus Valen\u00e7a como refer\u00eancia na \u00e1rea ambiental, os alunos do curso de meio ambiente (modalidade subsequente) rumaram, desta vez, ao campus Senhor do Bonfim para expor suas produ\u00e7\u00f5es na terceira edi\u00e7\u00e3o da Mostra de Inicia\u00e7\u00e3o Cient\u00edfica do Instituto. Dessa vez, quem levou a premia\u00e7\u00e3o de melhor trabalho foram as alunas Priscyla Viana e M\u00e1rcia Ornelas com &#8220;Avalia\u00e7\u00e3o preliminar das trilhas do Projeto Sempre Viva, Mucug\u00ea, Chapada Diamantina, Bahia, Brasil&#8221;, trabalho orientado do professor Silvio Cruz. Vale destacar que os estudantes t\u00e9cnicos ambientais j\u00e1 haviam sido premiados no I EMAIF, em setembro deste ano, como melhor apresenta\u00e7\u00e3o de trabalho atrav\u00e9s de p\u00f4ster, dos alunos Robert Wagner e Jessica Pascoal Ferreira, hoje estudante do curso de medicina veterin\u00e1ria (UFRB). Para o coordenador do Curso T\u00e9cnico em Meio Ambiente, o professor Tasso Meneses, estas premia\u00e7\u00f5es representam, al\u00e9m da comprometimento dos alunos com a conserva\u00e7\u00e3o da natureza, o resultado do esfor\u00e7o conjunto da uma equipe unida de docentes, servidores e colaboradores investidos numa forma\u00e7\u00e3o de qualidade.<br \/>\nASCOM\/Valen\u00e7a<\/p>\n","protected":false},"excerpt":{"rendered":"<p>Ap\u00f3s o EMAIF, os alunos do curso de meio ambiente (modalidade subsequente) rumaram, desta vez, ao campus Senhor do Bonfim para expor suas produ\u00e7\u00f5es na terceira edi\u00e7\u00e3o da Mostra de Inicia\u00e7\u00e3o Cient\u00edfica do Instituto.<\/p>\n","protected":false},"author":34,"featured_media":3177,"comment_status":"open","ping_status":"open","sticky":false,"template":"","format":"standard","meta":[],"categories":[34],"tags":[],"_links":{"self":[{"href":"https:\/\/www.ifbaiano.edu.br\/unidades\/valenca\/wp-json\/wp\/v2\/posts\/3172"}],"collection":[{"href":"https:\/\/www.ifbaiano.edu.br\/unidades\/valenca\/wp-json\/wp\/v2\/posts"}],"about":[{"href":"https:\/\/www.ifbaiano.edu.br\/unidades\/valenca\/wp-json\/wp\/v2\/types\/post"}],"author":[{"embeddable":true,"href":"https:\/\/www.ifbaiano.edu.br\/unidades\/valenca\/wp-json\/wp\/v2\/users\/34"}],"replies":[{"embeddable":true,"href":"https:\/\/www.ifbaiano.edu.br\/unidades\/valenca\/wp-json\/wp\/v2\/comments?post=3172"}],"version-history":[{"count":17,"href":"https:\/\/www.ifbaiano.edu.br\/unidades\/valenca\/wp-json\/wp\/v2\/posts\/3172\/revisions"}],"predecessor-version":[{"id":3549,"href":"https:\/\/www.ifbaiano.edu.br\/unidades\/valenca\/wp-json\/wp\/v2\/posts\/3172\/revisions\/3549"}],"wp:featuredmedia":[{"embeddable":true,"href":"https:\/\/www.ifbaiano.edu.br\/unidades\/valenca\/wp-json\/wp\/v2\/media\/3177"}],"wp:attachment":[{"href":"https:\/\/www.ifbaiano.edu.br\/unidades\/valenca\/wp-json\/wp\/v2\/media?parent=3172"}],"wp:term":[{"taxonomy":"category","embeddable":true,"href":"https:\/\/www.ifbaiano.edu.br\/unidades\/valenca\/wp-json\/wp\/v2\/categories?post=3172"},{"taxonomy":"post_tag","embeddable":true,"href":"https:\/\/www.ifbaiano.edu.br\/unidades\/valenca\/wp-json\/wp\/v2\/tags?post=3172"}],"curies":[{"name":"wp","href":"https:\/\/api.w.org\/{rel}","templated":true}]}}