{"id":3221,"date":"2013-11-13T13:51:41","date_gmt":"2013-11-13T13:51:41","guid":{"rendered":"http:\/\/www.ifbaiano.edu.br\/unidades\/valenca\/?p=3221"},"modified":"2014-09-10T16:36:31","modified_gmt":"2014-09-10T16:36:31","slug":"professor-de-quimica-do-campus-valenca-tem-trabalho-premiado-em-evento","status":"publish","type":"post","link":"https:\/\/www.ifbaiano.edu.br\/unidades\/valenca\/2013\/11\/13\/professor-de-quimica-do-campus-valenca-tem-trabalho-premiado-em-evento\/","title":{"rendered":"Professor de qu\u00edmica do campus Valen\u00e7a, tem trabalho premiado em evento."},"content":{"rendered":"<p>14\/11\/2013 \u00e0s 10h50<\/p>\n<p>Parabenizamos ao Professor \u00a0Miqu\u00e9ias Feliciano de Almeida, professor de Qu\u00edmica do IF Baiano Campus Valen\u00e7a, pelo seu desempenho no <em>4th Brazilian Conference on Natural Products.<\/em> Evento no qual o professor foi premiado como melhor trabalho, produto da sua pesquisa de doutorado. O trabalho &#8220;Kielmeyroic acids A and B: two novel polyprenylated phloroglucinol derivatives from Kielmeyera cuspidata&#8221; foi gestado junto aos pesquisadores Maria Lenise S. Guedes e Frederico Guar\u00e9 Cruz, do Grupo de Estudo de Subst\u00e2ncias Naturais e Org\u00e2nicas (GESNAT).<\/p>\n<p>Ascom\/Valen\u00e7a<\/p>\n","protected":false},"excerpt":{"rendered":"<p>Parabenizamos ao Professor  Miqu\u00e9ias Feliciano de Almeida, professor de Qu\u00edmica do IF Baiano Campus Valen\u00e7a, pelo seu desempenho no 4th Brazilian Conference on Natural Products.<\/p>\n","protected":false},"author":34,"featured_media":0,"comment_status":"open","ping_status":"open","sticky":false,"template":"","format":"standard","meta":[],"categories":[63],"tags":[],"_links":{"self":[{"href":"https:\/\/www.ifbaiano.edu.br\/unidades\/valenca\/wp-json\/wp\/v2\/posts\/3221"}],"collection":[{"href":"https:\/\/www.ifbaiano.edu.br\/unidades\/valenca\/wp-json\/wp\/v2\/posts"}],"about":[{"href":"https:\/\/www.ifbaiano.edu.br\/unidades\/valenca\/wp-json\/wp\/v2\/types\/post"}],"author":[{"embeddable":true,"href":"https:\/\/www.ifbaiano.edu.br\/unidades\/valenca\/wp-json\/wp\/v2\/users\/34"}],"replies":[{"embeddable":true,"href":"https:\/\/www.ifbaiano.edu.br\/unidades\/valenca\/wp-json\/wp\/v2\/comments?post=3221"}],"version-history":[{"count":8,"href":"https:\/\/www.ifbaiano.edu.br\/unidades\/valenca\/wp-json\/wp\/v2\/posts\/3221\/revisions"}],"predecessor-version":[{"id":3224,"href":"https:\/\/www.ifbaiano.edu.br\/unidades\/valenca\/wp-json\/wp\/v2\/posts\/3221\/revisions\/3224"}],"wp:attachment":[{"href":"https:\/\/www.ifbaiano.edu.br\/unidades\/valenca\/wp-json\/wp\/v2\/media?parent=3221"}],"wp:term":[{"taxonomy":"category","embeddable":true,"href":"https:\/\/www.ifbaiano.edu.br\/unidades\/valenca\/wp-json\/wp\/v2\/categories?post=3221"},{"taxonomy":"post_tag","embeddable":true,"href":"https:\/\/www.ifbaiano.edu.br\/unidades\/valenca\/wp-json\/wp\/v2\/tags?post=3221"}],"curies":[{"name":"wp","href":"https:\/\/api.w.org\/{rel}","templated":true}]}}