{"id":3253,"date":"2013-12-10T01:28:46","date_gmt":"2013-12-10T01:28:46","guid":{"rendered":"http:\/\/www.ifbaiano.edu.br\/unidades\/valenca\/?p=3253"},"modified":"2014-09-10T16:33:42","modified_gmt":"2014-09-10T16:33:42","slug":"alunos-do-if-baiano-%e2%80%93-campus-valenca-visitam-projeto-tamar-em-praia-do-forte","status":"publish","type":"post","link":"https:\/\/www.ifbaiano.edu.br\/unidades\/valenca\/2013\/12\/10\/alunos-do-if-baiano-%e2%80%93-campus-valenca-visitam-projeto-tamar-em-praia-do-forte\/","title":{"rendered":"Alunos do IF Baiano \u2013 campus Valen\u00e7a visitam projeto TAMAR em Praia do Forte."},"content":{"rendered":"<p>No \u00faltimo dia 26 de novembro de 2013, os alunos do I\u00a0 e II per\u00edodos <strong>do Curso T\u00e9cnico em Meio Ambiente<\/strong> do campus Valen\u00e7a realizaram visita t\u00e9cnica ao<strong> ProjetoTAMAR<\/strong>, como parte das atividades da disciplina de Educa\u00e7\u00e3o Ambiental ministrada pela Professora Elielma Fernandes; e \u00a0Evolu\u00e7\u00e3o e Diversidade Biol\u00f3gica ministrada pelo Professor Silvio Cruz e contou com a colabora\u00e7\u00e3o da Professora Josiane Amorim. No Projeto TAMAR, refer\u00eancia nacional em trabalhos de prote\u00e7\u00e3o e conserva\u00e7\u00e3o da vida marinha e de educa\u00e7\u00e3o ambiental, os alunos tiveram a oportunidade de conhecer o funcionamento e os trabalhos desenvolvidos pelo projeto; esp\u00e9cies de tartarugas marinhas, tubar\u00f5es, raia, peixes, moluscos e equinodermatas mantidos nos tanques abertos a visita\u00e7\u00e3o.<\/p>\n","protected":false},"excerpt":{"rendered":"<p>No \u00faltimo dia 26 de novembro de 2013, os alunos do I  e II per\u00edodos do Curso T\u00e9cnico em Meio Ambiente do campus Valen\u00e7a realizaram visita t\u00e9cnica ao ProjetoTAMAR.<\/p>\n","protected":false},"author":34,"featured_media":0,"comment_status":"open","ping_status":"open","sticky":false,"template":"","format":"standard","meta":[],"categories":[1],"tags":[],"_links":{"self":[{"href":"https:\/\/www.ifbaiano.edu.br\/unidades\/valenca\/wp-json\/wp\/v2\/posts\/3253"}],"collection":[{"href":"https:\/\/www.ifbaiano.edu.br\/unidades\/valenca\/wp-json\/wp\/v2\/posts"}],"about":[{"href":"https:\/\/www.ifbaiano.edu.br\/unidades\/valenca\/wp-json\/wp\/v2\/types\/post"}],"author":[{"embeddable":true,"href":"https:\/\/www.ifbaiano.edu.br\/unidades\/valenca\/wp-json\/wp\/v2\/users\/34"}],"replies":[{"embeddable":true,"href":"https:\/\/www.ifbaiano.edu.br\/unidades\/valenca\/wp-json\/wp\/v2\/comments?post=3253"}],"version-history":[{"count":5,"href":"https:\/\/www.ifbaiano.edu.br\/unidades\/valenca\/wp-json\/wp\/v2\/posts\/3253\/revisions"}],"predecessor-version":[{"id":3544,"href":"https:\/\/www.ifbaiano.edu.br\/unidades\/valenca\/wp-json\/wp\/v2\/posts\/3253\/revisions\/3544"}],"wp:attachment":[{"href":"https:\/\/www.ifbaiano.edu.br\/unidades\/valenca\/wp-json\/wp\/v2\/media?parent=3253"}],"wp:term":[{"taxonomy":"category","embeddable":true,"href":"https:\/\/www.ifbaiano.edu.br\/unidades\/valenca\/wp-json\/wp\/v2\/categories?post=3253"},{"taxonomy":"post_tag","embeddable":true,"href":"https:\/\/www.ifbaiano.edu.br\/unidades\/valenca\/wp-json\/wp\/v2\/tags?post=3253"}],"curies":[{"name":"wp","href":"https:\/\/api.w.org\/{rel}","templated":true}]}}