{"id":3278,"date":"2014-02-11T18:27:43","date_gmt":"2014-02-11T18:27:43","guid":{"rendered":"http:\/\/www.ifbaiano.edu.br\/unidades\/valenca\/?p=3278"},"modified":"2014-09-10T16:29:37","modified_gmt":"2014-09-10T16:29:37","slug":"if-baiano-campus-valenca-participa-das-rodadas-de-reunioes-da-cadeia-produtiva-do-dende","status":"publish","type":"post","link":"https:\/\/www.ifbaiano.edu.br\/unidades\/valenca\/2014\/02\/11\/if-baiano-campus-valenca-participa-das-rodadas-de-reunioes-da-cadeia-produtiva-do-dende\/","title":{"rendered":"IF BAIANO Campus Valen\u00e7a participa das rodadas de reuni\u00f5es da cadeia produtiva do dend\u00ea."},"content":{"rendered":"<p style=\"text-align: justify\">11\/02\/2014.<\/p>\n<p style=\"text-align: justify\">O IFBAIANO Campus Valen\u00e7a, representado pelos prof Sergio Ricardo, Francisco Sousa, Angelo Gallotti, Josiane Amorin e Paulo Nascimento, participou da 2\u00ba rodada de reuni\u00f5es da Cadeia Produtiva do Dend\u00ea, onde foram discutidas a\u00e7\u00f5es necess\u00e1rias para a resolu\u00e7\u00e3o de problemas que entravam essa cadeia. Assim foram apontados, PRODU\u00c7\u00c3O DE MUDAS; CAR\u00caNCIA DE M\u00c3O DE OBRA; MANEJO INADEQUADO DA CULTURA; FALTA DE ALTERNATIVAS ECOL\u00d3GICAS DE PRODU\u00c7\u00c3O e ESTABELECIMENTO DE PRE\u00c7O M\u00cdNIMO PARA O AGRICULTOR. A partir das discuss\u00f5es foram dados alguns encaminhamentos que visam solucionar os problemas destacados, valendo salientar que outras reuni\u00f5es contionuar\u00e3o ocorrendo.<\/p>\n<p style=\"text-align: justify\">ASCOM\/Valen\u00e7a<\/p>\n","protected":false},"excerpt":{"rendered":"<p>O IFBAIANO Campus Valen\u00e7a, representado pelos prof Sergio Ricardo, Francisco Sousa, Angelo Gallotti, Josiane Amorin e Paulo Nascimento, participou da 2\u00ba rodada de reuni\u00f5es da Cadeia Produtiva do Dend\u00ea.<\/p>\n","protected":false},"author":34,"featured_media":0,"comment_status":"open","ping_status":"open","sticky":false,"template":"","format":"standard","meta":[],"categories":[5,26],"tags":[],"_links":{"self":[{"href":"https:\/\/www.ifbaiano.edu.br\/unidades\/valenca\/wp-json\/wp\/v2\/posts\/3278"}],"collection":[{"href":"https:\/\/www.ifbaiano.edu.br\/unidades\/valenca\/wp-json\/wp\/v2\/posts"}],"about":[{"href":"https:\/\/www.ifbaiano.edu.br\/unidades\/valenca\/wp-json\/wp\/v2\/types\/post"}],"author":[{"embeddable":true,"href":"https:\/\/www.ifbaiano.edu.br\/unidades\/valenca\/wp-json\/wp\/v2\/users\/34"}],"replies":[{"embeddable":true,"href":"https:\/\/www.ifbaiano.edu.br\/unidades\/valenca\/wp-json\/wp\/v2\/comments?post=3278"}],"version-history":[{"count":4,"href":"https:\/\/www.ifbaiano.edu.br\/unidades\/valenca\/wp-json\/wp\/v2\/posts\/3278\/revisions"}],"predecessor-version":[{"id":3540,"href":"https:\/\/www.ifbaiano.edu.br\/unidades\/valenca\/wp-json\/wp\/v2\/posts\/3278\/revisions\/3540"}],"wp:attachment":[{"href":"https:\/\/www.ifbaiano.edu.br\/unidades\/valenca\/wp-json\/wp\/v2\/media?parent=3278"}],"wp:term":[{"taxonomy":"category","embeddable":true,"href":"https:\/\/www.ifbaiano.edu.br\/unidades\/valenca\/wp-json\/wp\/v2\/categories?post=3278"},{"taxonomy":"post_tag","embeddable":true,"href":"https:\/\/www.ifbaiano.edu.br\/unidades\/valenca\/wp-json\/wp\/v2\/tags?post=3278"}],"curies":[{"name":"wp","href":"https:\/\/api.w.org\/{rel}","templated":true}]}}