{"id":3317,"date":"2014-07-03T15:39:49","date_gmt":"2014-07-03T15:39:49","guid":{"rendered":"http:\/\/www.ifbaiano.edu.br\/unidades\/valenca\/?p=3317"},"modified":"2014-09-10T16:27:09","modified_gmt":"2014-09-10T16:27:09","slug":"aconteceu-no-dia-2806-a-iii-feira-de-regioes-brasileiras-do-campus-valenca","status":"publish","type":"post","link":"https:\/\/www.ifbaiano.edu.br\/unidades\/valenca\/2014\/07\/03\/aconteceu-no-dia-2806-a-iii-feira-de-regioes-brasileiras-do-campus-valenca\/","title":{"rendered":"Aconteceu no dia 28\/06 a III Feira das Regi\u00f5es Brasileiras do campus Valen\u00e7a."},"content":{"rendered":"<div class=\"mceTemp\" style=\"text-align: left\">\u00a0Em 03\/07\/20014<\/div>\n<div class=\"mceTemp\">\n<p>&nbsp;<\/p>\n<p style=\"text-align: justify\">Em seu terceiro ano consecutivo, a Feira das Regi\u00f5es realizada no IF Baiano Campus Valen\u00e7a, aconteceu no \u00faltimo dia 28, este ano congregando 08 disciplinas, sendas estas: Agricultura II, Espanhol, Filosofia, Geografia, Hist\u00f3ria, L\u00edngua Portuguesa e Literatura Brasileira, Mecaniza\u00e7\u00e3o Agr\u00edcola Irriga\u00e7\u00e3o e Drenagem, Reda\u00e7\u00e3o e Metodologia Cient\u00edfica e Sociologia. A atividade foi desenvolvida junto as turmas do 2\u00b0 ano t\u00e9cnico integrado em Agropecu\u00e1ria e Agroecologia (turmas A, B, C e D). O enfoque correspondeu a discuss\u00e3o sobre a forma\u00e7\u00e3o do territ\u00f3rio brasileiro, quest\u00f5es socioambientais, literatura, cultura, atividades econ\u00f4micas; transformando as salas em um museu vivo, com visita\u00e7\u00f5es das outras turmas, profissionais do campus e comunidade.\u00a0 <a href=\"http:\/\/www.ifbaiano.edu.br\/unidades\/valenca\/files\/2014\/07\/feira-14.png\"><img decoding=\"async\" loading=\"lazy\" class=\"alignnone size-medium wp-image-3341\" src=\"http:\/\/www.ifbaiano.edu.br\/unidades\/valenca\/files\/2014\/07\/feira-14-300x224.png\" alt=\"\" width=\"300\" height=\"224\" srcset=\"https:\/\/www.ifbaiano.edu.br\/unidades\/valenca\/files\/2014\/07\/feira-14-300x225.png 300w, https:\/\/www.ifbaiano.edu.br\/unidades\/valenca\/files\/2014\/07\/feira-14-400x299.png 400w, https:\/\/www.ifbaiano.edu.br\/unidades\/valenca\/files\/2014\/07\/feira-14.png 964w\" sizes=\"(max-width: 300px) 100vw, 300px\" \/><\/a><\/p>\n<div id=\"attachment_3339\" style=\"width: 331px\" class=\"wp-caption alignright\"><a href=\"http:\/\/www.ifbaiano.edu.br\/unidades\/valenca\/files\/2014\/07\/41.jpg\"><img aria-describedby=\"caption-attachment-3339\" decoding=\"async\" loading=\"lazy\" class=\"size-full wp-image-3339 \" src=\"http:\/\/www.ifbaiano.edu.br\/unidades\/valenca\/files\/2014\/07\/41.jpg\" alt=\"\" width=\"321\" height=\"222\" \/><\/a><p id=\"caption-attachment-3339\" class=\"wp-caption-text\">CULIN\u00c1RIA BAIANA<\/p><\/div>\n<\/div>\n<div class=\"mceTemp\">\n<div class=\"mceTemp mceIEcenter\">\n<div id=\"attachment_3323\" style=\"width: 310px\" class=\"wp-caption alignleft\"><a href=\"http:\/\/www.ifbaiano.edu.br\/unidades\/valenca\/files\/2014\/07\/11.jpg\"><img aria-describedby=\"caption-attachment-3323\" decoding=\"async\" loading=\"lazy\" class=\"size-medium wp-image-3323\" src=\"http:\/\/www.ifbaiano.edu.br\/unidades\/valenca\/files\/2014\/07\/11-300x200.jpg\" alt=\"\" width=\"300\" height=\"200\" srcset=\"https:\/\/www.ifbaiano.edu.br\/unidades\/valenca\/files\/2014\/07\/11-300x200.jpg 300w, https:\/\/www.ifbaiano.edu.br\/unidades\/valenca\/files\/2014\/07\/11-400x266.jpg 400w, https:\/\/www.ifbaiano.edu.br\/unidades\/valenca\/files\/2014\/07\/11.jpg 960w\" sizes=\"(max-width: 300px) 100vw, 300px\" \/><\/a><p id=\"caption-attachment-3323\" class=\"wp-caption-text\">REPRESENTA\u00c7\u00c3O DA CULTURA IND\u00cdGENA BRASILEIRA<\/p><\/div>\n<div id=\"attachment_3338\" style=\"width: 310px\" class=\"wp-caption alignright\"><a href=\"http:\/\/www.ifbaiano.edu.br\/unidades\/valenca\/files\/2014\/07\/31.jpg\"><img aria-describedby=\"caption-attachment-3338\" decoding=\"async\" loading=\"lazy\" class=\"size-medium wp-image-3338\" src=\"http:\/\/www.ifbaiano.edu.br\/unidades\/valenca\/files\/2014\/07\/31-300x200.jpg\" alt=\"\" width=\"300\" height=\"200\" srcset=\"https:\/\/www.ifbaiano.edu.br\/unidades\/valenca\/files\/2014\/07\/31-300x200.jpg 300w, https:\/\/www.ifbaiano.edu.br\/unidades\/valenca\/files\/2014\/07\/31-400x266.jpg 400w, https:\/\/www.ifbaiano.edu.br\/unidades\/valenca\/files\/2014\/07\/31.jpg 960w\" sizes=\"(max-width: 300px) 100vw, 300px\" \/><\/a><p id=\"caption-attachment-3338\" class=\"wp-caption-text\">CULTURA NORDESTINA<\/p><\/div>\n<\/div>\n<\/div>\n","protected":false},"excerpt":{"rendered":"<p>Esse \u00e9 o terceiro ano consecutivo que acontece a Feira das Regi\u00f5es Brasileiras no IF Baiano Campus Valen\u00e7a,<\/p>\n","protected":false},"author":34,"featured_media":3337,"comment_status":"open","ping_status":"open","sticky":false,"template":"","format":"standard","meta":[],"categories":[5,34],"tags":[],"_links":{"self":[{"href":"https:\/\/www.ifbaiano.edu.br\/unidades\/valenca\/wp-json\/wp\/v2\/posts\/3317"}],"collection":[{"href":"https:\/\/www.ifbaiano.edu.br\/unidades\/valenca\/wp-json\/wp\/v2\/posts"}],"about":[{"href":"https:\/\/www.ifbaiano.edu.br\/unidades\/valenca\/wp-json\/wp\/v2\/types\/post"}],"author":[{"embeddable":true,"href":"https:\/\/www.ifbaiano.edu.br\/unidades\/valenca\/wp-json\/wp\/v2\/users\/34"}],"replies":[{"embeddable":true,"href":"https:\/\/www.ifbaiano.edu.br\/unidades\/valenca\/wp-json\/wp\/v2\/comments?post=3317"}],"version-history":[{"count":15,"href":"https:\/\/www.ifbaiano.edu.br\/unidades\/valenca\/wp-json\/wp\/v2\/posts\/3317\/revisions"}],"predecessor-version":[{"id":3331,"href":"https:\/\/www.ifbaiano.edu.br\/unidades\/valenca\/wp-json\/wp\/v2\/posts\/3317\/revisions\/3331"}],"wp:featuredmedia":[{"embeddable":true,"href":"https:\/\/www.ifbaiano.edu.br\/unidades\/valenca\/wp-json\/wp\/v2\/media\/3337"}],"wp:attachment":[{"href":"https:\/\/www.ifbaiano.edu.br\/unidades\/valenca\/wp-json\/wp\/v2\/media?parent=3317"}],"wp:term":[{"taxonomy":"category","embeddable":true,"href":"https:\/\/www.ifbaiano.edu.br\/unidades\/valenca\/wp-json\/wp\/v2\/categories?post=3317"},{"taxonomy":"post_tag","embeddable":true,"href":"https:\/\/www.ifbaiano.edu.br\/unidades\/valenca\/wp-json\/wp\/v2\/tags?post=3317"}],"curies":[{"name":"wp","href":"https:\/\/api.w.org\/{rel}","templated":true}]}}