{"id":3373,"date":"2014-07-24T18:18:53","date_gmt":"2014-07-24T18:18:53","guid":{"rendered":"http:\/\/www.ifbaiano.edu.br\/unidades\/valenca\/?p=3373"},"modified":"2014-09-10T16:25:05","modified_gmt":"2014-09-10T16:25:05","slug":"ta-de-parabens-entrevista-com-o-professor-ms-anderson-gomes-da-epifania","status":"publish","type":"post","link":"https:\/\/www.ifbaiano.edu.br\/unidades\/valenca\/2014\/07\/24\/ta-de-parabens-entrevista-com-o-professor-ms-anderson-gomes-da-epifania\/","title":{"rendered":"&#8220;T\u00e1 de Parab\u00e9ns!&#8221; &#8211; Entrevista com o professor Ms. Anderson Gomes da Epifania"},"content":{"rendered":"<p>Em 24\/07\/2014<\/p>\n<p>O canal &#8220;Sofr\u00eancia de IF&#8221; foi criado por alunos do IF Baiano <em>campus<\/em> Valen\u00e7a com o objetivo de trazer informa\u00e7\u00f5es do dia-a-dia dos alunos nos Institutos Federais, podendo ser de forma humor\u00edstica ou at\u00e9 mesmo numa abordagem mais s\u00e9ria, trazendo assim uma forma de entretenimento para todos os seguidores. At\u00e9 o momento j\u00e1 temos parcerias firmadas com os seguintes Institutos Federais: Acre, Mato Grosso, Piau\u00ed, S\u00e3o Paulo, Rio de Janeiro, entre outros. Nesse contexto, apresentamos um novo quadro: &#8221; T\u00e1 de Parab\u00e9ns&#8221;, que pretende valorizar as melhores a\u00e7\u00f5es realizadas no campus Valen\u00e7a. No nosso primeiro v\u00eddeo desse novo quadro, temos o nosso editor de v\u00eddeo S\u00e1vio Negr\u00e3o entrevistando o Professor Ge\u00f3grafo, Ms. Anderson Gomes da Epifania sobre o Projeto Feira das Regi\u00f5es, realizado em 28\/06\/2014 no IFBAIANO Campus Valen\u00e7a.<\/p>\n<p>Vale a pena conferir!<\/p>\n<p>Link do v\u00eddeo:<a href=\"https:\/\/www.youtube.com\/watch?v=xzBSt8BNSgE&amp;list=UULbNle-ZbwNFJ4ga-WHSnpA\"><span style=\"color: #0563c1\">https:\/\/www.youtube.com\/watch?v=xzBSt8BNSgE&amp;list=UULbNle-ZbwNFJ4ga-WHSnpA<\/span><\/a><\/p>\n<p>Ascom\/Valen\u00e7a<\/p>\n","protected":false},"excerpt":{"rendered":"<p>O canal &#8220;Sofr\u00eancia de IF&#8221; foi criado por alunos do IF Baiano campus Valen\u00e7a com o objetivo de trazer informa\u00e7\u00f5es do dia-a-dia dos alunos nos Institutos Federais.<\/p>\n","protected":false},"author":34,"featured_media":0,"comment_status":"open","ping_status":"open","sticky":false,"template":"","format":"standard","meta":[],"categories":[5,34],"tags":[],"_links":{"self":[{"href":"https:\/\/www.ifbaiano.edu.br\/unidades\/valenca\/wp-json\/wp\/v2\/posts\/3373"}],"collection":[{"href":"https:\/\/www.ifbaiano.edu.br\/unidades\/valenca\/wp-json\/wp\/v2\/posts"}],"about":[{"href":"https:\/\/www.ifbaiano.edu.br\/unidades\/valenca\/wp-json\/wp\/v2\/types\/post"}],"author":[{"embeddable":true,"href":"https:\/\/www.ifbaiano.edu.br\/unidades\/valenca\/wp-json\/wp\/v2\/users\/34"}],"replies":[{"embeddable":true,"href":"https:\/\/www.ifbaiano.edu.br\/unidades\/valenca\/wp-json\/wp\/v2\/comments?post=3373"}],"version-history":[{"count":9,"href":"https:\/\/www.ifbaiano.edu.br\/unidades\/valenca\/wp-json\/wp\/v2\/posts\/3373\/revisions"}],"predecessor-version":[{"id":3537,"href":"https:\/\/www.ifbaiano.edu.br\/unidades\/valenca\/wp-json\/wp\/v2\/posts\/3373\/revisions\/3537"}],"wp:attachment":[{"href":"https:\/\/www.ifbaiano.edu.br\/unidades\/valenca\/wp-json\/wp\/v2\/media?parent=3373"}],"wp:term":[{"taxonomy":"category","embeddable":true,"href":"https:\/\/www.ifbaiano.edu.br\/unidades\/valenca\/wp-json\/wp\/v2\/categories?post=3373"},{"taxonomy":"post_tag","embeddable":true,"href":"https:\/\/www.ifbaiano.edu.br\/unidades\/valenca\/wp-json\/wp\/v2\/tags?post=3373"}],"curies":[{"name":"wp","href":"https:\/\/api.w.org\/{rel}","templated":true}]}}