{"id":3412,"date":"2014-08-15T14:16:14","date_gmt":"2014-08-15T14:16:14","guid":{"rendered":"http:\/\/www.ifbaiano.edu.br\/unidades\/valenca\/?p=3412"},"modified":"2014-09-10T16:22:57","modified_gmt":"2014-09-10T16:22:57","slug":"canal-sofrencia-de-if-divulga-a-participacao-do-campus-valenca-na-femmic-2014","status":"publish","type":"post","link":"https:\/\/www.ifbaiano.edu.br\/unidades\/valenca\/2014\/08\/15\/canal-sofrencia-de-if-divulga-a-participacao-do-campus-valenca-na-femmic-2014\/","title":{"rendered":"Canal &#8220;Sofr\u00eancia de IF&#8221; divulga a participa\u00e7\u00e3o do campus Valen\u00e7a na Femmic 2014."},"content":{"rendered":"<p style=\"text-align: justify\"><span style=\"font-size: small\"><a href=\"http:\/\/www.ifbaiano.edu.br\/unidades\/valenca\/files\/2014\/08\/12.jpg\"><img decoding=\"async\" loading=\"lazy\" class=\"aligncenter size-medium wp-image-3417\" src=\"http:\/\/www.ifbaiano.edu.br\/unidades\/valenca\/files\/2014\/08\/12-300x160.jpg\" alt=\"\" width=\"300\" height=\"160\" srcset=\"https:\/\/www.ifbaiano.edu.br\/unidades\/valenca\/files\/2014\/08\/12-300x160.jpg 300w, https:\/\/www.ifbaiano.edu.br\/unidades\/valenca\/files\/2014\/08\/12-400x213.jpg 400w, https:\/\/www.ifbaiano.edu.br\/unidades\/valenca\/files\/2014\/08\/12.jpg 898w\" sizes=\"(max-width: 300px) 100vw, 300px\" \/><\/a>A Femmic 2014 ocorreu no per\u00edodo de 5 a 9 de agosto, no IF Baiano <\/span><em><span style=\"font-size: small\">campus<\/span><\/em><span style=\"font-size: small\"> Catu. O evento se deu em conjunto com a 12\u00aa Feira dos munic\u00edpios e a 3\u00aa Mostra de Inicia\u00e7\u00e3o Cient\u00edfica do IF Baiano, como iniciativa dos N\u00facleos de Pesquisa e Extens\u00e3o do <\/span><em><span style=\"font-size: small\">Campu<\/span><\/em><span style=\"font-size: small\">s Catu e teve por finalidade incentivar e promover a inicia\u00e7\u00e3o cient\u00edfica no ensino m\u00e9dio, t\u00e9cnico e superior da microrregi\u00e3o\u00a0e nos demais <\/span><em><span style=\"font-size: small\">Campus<\/span><\/em><span style=\"font-size: small\"> do IF Baiano. A delega\u00e7\u00e3o do <\/span><em><span style=\"font-size: small\">campus<\/span><\/em><span style=\"font-size: small\"> Valen\u00e7a foi composta por 23 pessoas acompanhadas pelo professores\u00a0 Igor Jos\u00e9 Chaves de Oliveira e Anderson Epifania. <\/span><\/p>\n<p style=\"text-align: justify\"><span style=\"font-size: small\"><br \/>\n<\/span><\/p>\n","protected":false},"excerpt":{"rendered":"<p>A Femmic 2014 ocorreu no per\u00edodo de 5 a 9 de agosto, no IF Baiano campus Catu.<\/p>\n","protected":false},"author":34,"featured_media":3417,"comment_status":"open","ping_status":"open","sticky":false,"template":"","format":"standard","meta":[],"categories":[5],"tags":[],"_links":{"self":[{"href":"https:\/\/www.ifbaiano.edu.br\/unidades\/valenca\/wp-json\/wp\/v2\/posts\/3412"}],"collection":[{"href":"https:\/\/www.ifbaiano.edu.br\/unidades\/valenca\/wp-json\/wp\/v2\/posts"}],"about":[{"href":"https:\/\/www.ifbaiano.edu.br\/unidades\/valenca\/wp-json\/wp\/v2\/types\/post"}],"author":[{"embeddable":true,"href":"https:\/\/www.ifbaiano.edu.br\/unidades\/valenca\/wp-json\/wp\/v2\/users\/34"}],"replies":[{"embeddable":true,"href":"https:\/\/www.ifbaiano.edu.br\/unidades\/valenca\/wp-json\/wp\/v2\/comments?post=3412"}],"version-history":[{"count":6,"href":"https:\/\/www.ifbaiano.edu.br\/unidades\/valenca\/wp-json\/wp\/v2\/posts\/3412\/revisions"}],"predecessor-version":[{"id":3535,"href":"https:\/\/www.ifbaiano.edu.br\/unidades\/valenca\/wp-json\/wp\/v2\/posts\/3412\/revisions\/3535"}],"wp:featuredmedia":[{"embeddable":true,"href":"https:\/\/www.ifbaiano.edu.br\/unidades\/valenca\/wp-json\/wp\/v2\/media\/3417"}],"wp:attachment":[{"href":"https:\/\/www.ifbaiano.edu.br\/unidades\/valenca\/wp-json\/wp\/v2\/media?parent=3412"}],"wp:term":[{"taxonomy":"category","embeddable":true,"href":"https:\/\/www.ifbaiano.edu.br\/unidades\/valenca\/wp-json\/wp\/v2\/categories?post=3412"},{"taxonomy":"post_tag","embeddable":true,"href":"https:\/\/www.ifbaiano.edu.br\/unidades\/valenca\/wp-json\/wp\/v2\/tags?post=3412"}],"curies":[{"name":"wp","href":"https:\/\/api.w.org\/{rel}","templated":true}]}}